{"id":10105,"date":"2017-06-30T20:18:09","date_gmt":"2017-06-30T18:18:09","guid":{"rendered":"http:\/\/www.feuerwehr-ibbenbueren.de\/?p=10105"},"modified":"2017-07-05T16:12:23","modified_gmt":"2017-07-05T14:12:23","slug":"betriebsstoffe-aufnehmen-2-2-2-2-4-2-2-2-2-2-2-4-2-2-5-2-2-4-3-2-2-2-2-2-2-2-2-2-3-copy-2-copy-3-copy-2-copy-copy-copy-copy-2-copy","status":"publish","type":"post","link":"https:\/\/www.feuerwehr-ibbenbueren.de\/?p=10105","title":{"rendered":"Gasgeruch"},"content":{"rendered":"<p><strong>Einsatzbericht: <\/strong>Der L\u00f6schzug Stadtmitte 1 wurde am Freitagabend mit dem Stichwort &#8222;Gasgeruch&#8220; alarmiert.\u00a0<!--more--><\/p>\n<p>Ein Bewohner eines Hauses in der Osningstra\u00dfe hatte einen entsprechender Geruch gemeldet. Ein Trupp unter PA ging im Keller des Wohnhauses zur Erkundung und Messung vor &#8211; dort aber keine Feststellung.<\/p>\n<p>Zur Sicherheit wurde die Gaszufuhr abgedreht und der Energieversorger verst\u00e4ndigt. Die Einsatzstelle wurde schlie\u00dflich an den Eigent\u00fcmer \u00fcbergeben.<\/p>\n","protected":false},"excerpt":{"rendered":"<p>Einsatzbericht: Der L\u00f6schzug Stadtmitte 1 wurde am Freitagabend mit dem Stichwort &#8222;Gasgeruch&#8220; alarmiert.\u00a0<\/p>\n","protected":false},"author":2,"featured_media":3024,"comment_status":"open","ping_status":"open","sticky":false,"template":"","format":"standard","meta":{"footnotes":""},"categories":[10,5],"tags":[263,73],"class_list":["post-10105","post","type-post","status-publish","format-standard","has-post-thumbnail","hentry","category-alle-beitraege","category-einsaetze","tag-stadtmitte-1-2017","tag-th"],"_links":{"self":[{"href":"https:\/\/www.feuerwehr-ibbenbueren.de\/index.php?rest_route=\/wp\/v2\/posts\/10105","targetHints":{"allow":["GET"]}}],"collection":[{"href":"https:\/\/www.feuerwehr-ibbenbueren.de\/index.php?rest_route=\/wp\/v2\/posts"}],"about":[{"href":"https:\/\/www.feuerwehr-ibbenbueren.de\/index.php?rest_route=\/wp\/v2\/types\/post"}],"author":[{"embeddable":true,"href":"https:\/\/www.feuerwehr-ibbenbueren.de\/index.php?rest_route=\/wp\/v2\/users\/2"}],"replies":[{"embeddable":true,"href":"https:\/\/www.feuerwehr-ibbenbueren.de\/index.php?rest_route=%2Fwp%2Fv2%2Fcomments&post=10105"}],"version-history":[{"count":3,"href":"https:\/\/www.feuerwehr-ibbenbueren.de\/index.php?rest_route=\/wp\/v2\/posts\/10105\/revisions"}],"predecessor-version":[{"id":10145,"href":"https:\/\/www.feuerwehr-ibbenbueren.de\/index.php?rest_route=\/wp\/v2\/posts\/10105\/revisions\/10145"}],"wp:featuredmedia":[{"embeddable":true,"href":"https:\/\/www.feuerwehr-ibbenbueren.de\/index.php?rest_route=\/wp\/v2\/media\/3024"}],"wp:attachment":[{"href":"https:\/\/www.feuerwehr-ibbenbueren.de\/index.php?rest_route=%2Fwp%2Fv2%2Fmedia&parent=10105"}],"wp:term":[{"taxonomy":"category","embeddable":true,"href":"https:\/\/www.feuerwehr-ibbenbueren.de\/index.php?rest_route=%2Fwp%2Fv2%2Fcategories&post=10105"},{"taxonomy":"post_tag","embeddable":true,"href":"https:\/\/www.feuerwehr-ibbenbueren.de\/index.php?rest_route=%2Fwp%2Fv2%2Ftags&post=10105"}],"curies":[{"name":"wp","href":"https:\/\/api.w.org\/{rel}","templated":true}]}}