{"id":11263,"date":"2017-12-01T07:59:25","date_gmt":"2017-12-01T06:59:25","guid":{"rendered":"http:\/\/www.feuerwehr-ibbenbueren.de\/?p=11263"},"modified":"2017-12-02T14:21:50","modified_gmt":"2017-12-02T13:21:50","slug":"betriebsstoffe-aufnehmen-3-2-3-3-3-3-2-3-12-3-2-2-4-2-2-3-5-2-2-2-2-2-2-copy-copy-copy-copy-copy-2","status":"publish","type":"post","link":"https:\/\/www.feuerwehr-ibbenbueren.de\/?p=11263","title":{"rendered":"\u00d6l auf Stra\u00dfe"},"content":{"rendered":"<p><strong>Einsatzbericht: <\/strong>Der Dienstbetrieb wurde aufgrund einer \u00d6lspur im Ortsteil P\u00fcsselb\u00fcren alarmiert. <!--more--><br \/>\nEine ca. 1 km lange Verunreinigung der Stra\u00dfe wurde durch die Feuerwehr mit Bindemittel abgestreut. Die Einsatzstelle wurde dem zust\u00e4ndigen Stra\u00dfenbaulasttr\u00e4ger \u00fcbergeben.<\/p>\n<p>&nbsp;<\/p>\n<p>&nbsp;<\/p>\n<p>&nbsp;<\/p>\n","protected":false},"excerpt":{"rendered":"<p>Einsatzbericht: Der Dienstbetrieb wurde aufgrund einer \u00d6lspur im Ortsteil P\u00fcsselb\u00fcren alarmiert.<\/p>\n","protected":false},"author":7,"featured_media":3024,"comment_status":"open","ping_status":"open","sticky":false,"template":"","format":"standard","meta":{"footnotes":""},"categories":[10,5],"tags":[256,80,73],"class_list":["post-11263","post","type-post","status-publish","format-standard","has-post-thumbnail","hentry","category-alle-beitraege","category-einsaetze","tag-nur-dienstbetrieb-2017","tag-oel","tag-th"],"_links":{"self":[{"href":"https:\/\/www.feuerwehr-ibbenbueren.de\/index.php?rest_route=\/wp\/v2\/posts\/11263","targetHints":{"allow":["GET"]}}],"collection":[{"href":"https:\/\/www.feuerwehr-ibbenbueren.de\/index.php?rest_route=\/wp\/v2\/posts"}],"about":[{"href":"https:\/\/www.feuerwehr-ibbenbueren.de\/index.php?rest_route=\/wp\/v2\/types\/post"}],"author":[{"embeddable":true,"href":"https:\/\/www.feuerwehr-ibbenbueren.de\/index.php?rest_route=\/wp\/v2\/users\/7"}],"replies":[{"embeddable":true,"href":"https:\/\/www.feuerwehr-ibbenbueren.de\/index.php?rest_route=%2Fwp%2Fv2%2Fcomments&post=11263"}],"version-history":[{"count":4,"href":"https:\/\/www.feuerwehr-ibbenbueren.de\/index.php?rest_route=\/wp\/v2\/posts\/11263\/revisions"}],"predecessor-version":[{"id":11267,"href":"https:\/\/www.feuerwehr-ibbenbueren.de\/index.php?rest_route=\/wp\/v2\/posts\/11263\/revisions\/11267"}],"wp:featuredmedia":[{"embeddable":true,"href":"https:\/\/www.feuerwehr-ibbenbueren.de\/index.php?rest_route=\/wp\/v2\/media\/3024"}],"wp:attachment":[{"href":"https:\/\/www.feuerwehr-ibbenbueren.de\/index.php?rest_route=%2Fwp%2Fv2%2Fmedia&parent=11263"}],"wp:term":[{"taxonomy":"category","embeddable":true,"href":"https:\/\/www.feuerwehr-ibbenbueren.de\/index.php?rest_route=%2Fwp%2Fv2%2Fcategories&post=11263"},{"taxonomy":"post_tag","embeddable":true,"href":"https:\/\/www.feuerwehr-ibbenbueren.de\/index.php?rest_route=%2Fwp%2Fv2%2Ftags&post=11263"}],"curies":[{"name":"wp","href":"https:\/\/api.w.org\/{rel}","templated":true}]}}