{"id":11300,"date":"2017-12-08T13:46:33","date_gmt":"2017-12-08T12:46:33","guid":{"rendered":"http:\/\/www.feuerwehr-ibbenbueren.de\/?p=11300"},"modified":"2017-12-08T20:38:42","modified_gmt":"2017-12-08T19:38:42","slug":"betriebsstoffe-aufnehmen-3-2-3-3-3-3-2-3-12-3-2-2-4-2-2-3-5-2-2-2-2-2-2-copy-copy-copy-copy-copy-copy-copy-copy-2-copy-copy-2-copy-2-copy-2-copy-3-copy-copy-copy-copy-copy-copy-copy-copy-copy-3-cop-42","status":"publish","type":"post","link":"https:\/\/www.feuerwehr-ibbenbueren.de\/?p=11300","title":{"rendered":"\u00d6l Stra\u00dfe"},"content":{"rendered":"<p><strong>Einsatzbericht:<\/strong> Der Dienstbetrieb\u00a0wurde zu einer Oelspur alarmiert. <!--more-->Eine Dieselspur die vom P\u00fcsselb\u00fcrener Damm bis in die Innenstadt ging, wurde vom Stra\u00dfenbaulasttr\u00e4ger der schon vor Ort war abgestreut. Kein Einsatz f\u00fcr die Feuerwehr.<\/p>\n<p>&nbsp;<\/p>\n","protected":false},"excerpt":{"rendered":"<p>Einsatzbericht: Der Dienstbetrieb\u00a0wurde zu einer Oelspur alarmiert.<\/p>\n","protected":false},"author":8,"featured_media":1829,"comment_status":"open","ping_status":"open","sticky":false,"template":"","format":"standard","meta":{"footnotes":""},"categories":[10,5],"tags":[256,80,73],"class_list":["post-11300","post","type-post","status-publish","format-standard","has-post-thumbnail","hentry","category-alle-beitraege","category-einsaetze","tag-nur-dienstbetrieb-2017","tag-oel","tag-th"],"_links":{"self":[{"href":"https:\/\/www.feuerwehr-ibbenbueren.de\/index.php?rest_route=\/wp\/v2\/posts\/11300","targetHints":{"allow":["GET"]}}],"collection":[{"href":"https:\/\/www.feuerwehr-ibbenbueren.de\/index.php?rest_route=\/wp\/v2\/posts"}],"about":[{"href":"https:\/\/www.feuerwehr-ibbenbueren.de\/index.php?rest_route=\/wp\/v2\/types\/post"}],"author":[{"embeddable":true,"href":"https:\/\/www.feuerwehr-ibbenbueren.de\/index.php?rest_route=\/wp\/v2\/users\/8"}],"replies":[{"embeddable":true,"href":"https:\/\/www.feuerwehr-ibbenbueren.de\/index.php?rest_route=%2Fwp%2Fv2%2Fcomments&post=11300"}],"version-history":[{"count":1,"href":"https:\/\/www.feuerwehr-ibbenbueren.de\/index.php?rest_route=\/wp\/v2\/posts\/11300\/revisions"}],"predecessor-version":[{"id":11301,"href":"https:\/\/www.feuerwehr-ibbenbueren.de\/index.php?rest_route=\/wp\/v2\/posts\/11300\/revisions\/11301"}],"wp:featuredmedia":[{"embeddable":true,"href":"https:\/\/www.feuerwehr-ibbenbueren.de\/index.php?rest_route=\/wp\/v2\/media\/1829"}],"wp:attachment":[{"href":"https:\/\/www.feuerwehr-ibbenbueren.de\/index.php?rest_route=%2Fwp%2Fv2%2Fmedia&parent=11300"}],"wp:term":[{"taxonomy":"category","embeddable":true,"href":"https:\/\/www.feuerwehr-ibbenbueren.de\/index.php?rest_route=%2Fwp%2Fv2%2Fcategories&post=11300"},{"taxonomy":"post_tag","embeddable":true,"href":"https:\/\/www.feuerwehr-ibbenbueren.de\/index.php?rest_route=%2Fwp%2Fv2%2Ftags&post=11300"}],"curies":[{"name":"wp","href":"https:\/\/api.w.org\/{rel}","templated":true}]}}