{"id":11468,"date":"2018-01-01T01:01:32","date_gmt":"2018-01-01T00:01:32","guid":{"rendered":"http:\/\/www.feuerwehr-ibbenbueren.de\/?p=11468"},"modified":"2018-01-01T13:37:37","modified_gmt":"2018-01-01T12:37:37","slug":"amtshilfe-copy-copy-copy-2-copy-3-copy-copy-copy-2-copy-copy-2-copy-copy-copy-copy-2-copy-2-copy-copy-copy-2-copy-copy-copy-copy-copy-copy-copy","status":"publish","type":"post","link":"https:\/\/www.feuerwehr-ibbenbueren.de\/?p=11468","title":{"rendered":"Brand klein"},"content":{"rendered":"<p><strong>Einsatzbericht:<\/strong> Da sich der Dienstbetrieb noch im Einsatz befand, wurde der L\u00f6schzug Stadtmitte 1 zu einem M\u00fclltonnenbrand alarmiert.<!--more--><\/p>\n<p>An einer Schule brannte eine M\u00fclltonne, die zum gro\u00dfen Teil schon durch Anwohner gel\u00f6scht worden war. Durch die Feuerwehr wurden Nachl\u00f6scharbeiten mit der K\u00fcbelspritze durchgef\u00fchrt.<\/p>\n<p>Einsatzstelle an die Polizei \u00fcbergeben.<\/p>\n","protected":false},"excerpt":{"rendered":"<p>Einsatzbericht: Da sich der Dienstbetrieb noch im Einsatz befand, wurde der L\u00f6schzug Stadtmitte 1 zu einem M\u00fclltonnenbrand alarmiert.<\/p>\n","protected":false},"author":7,"featured_media":3023,"comment_status":"open","ping_status":"open","sticky":false,"template":"","format":"standard","meta":{"footnotes":""},"categories":[10,5],"tags":[71,79,297],"class_list":["post-11468","post","type-post","status-publish","format-standard","has-post-thumbnail","hentry","category-alle-beitraege","category-einsaetze","tag-feuer","tag-kleinbrand","tag-stadtmitte-1-2018"],"_links":{"self":[{"href":"https:\/\/www.feuerwehr-ibbenbueren.de\/index.php?rest_route=\/wp\/v2\/posts\/11468","targetHints":{"allow":["GET"]}}],"collection":[{"href":"https:\/\/www.feuerwehr-ibbenbueren.de\/index.php?rest_route=\/wp\/v2\/posts"}],"about":[{"href":"https:\/\/www.feuerwehr-ibbenbueren.de\/index.php?rest_route=\/wp\/v2\/types\/post"}],"author":[{"embeddable":true,"href":"https:\/\/www.feuerwehr-ibbenbueren.de\/index.php?rest_route=\/wp\/v2\/users\/7"}],"replies":[{"embeddable":true,"href":"https:\/\/www.feuerwehr-ibbenbueren.de\/index.php?rest_route=%2Fwp%2Fv2%2Fcomments&post=11468"}],"version-history":[{"count":3,"href":"https:\/\/www.feuerwehr-ibbenbueren.de\/index.php?rest_route=\/wp\/v2\/posts\/11468\/revisions"}],"predecessor-version":[{"id":11515,"href":"https:\/\/www.feuerwehr-ibbenbueren.de\/index.php?rest_route=\/wp\/v2\/posts\/11468\/revisions\/11515"}],"wp:featuredmedia":[{"embeddable":true,"href":"https:\/\/www.feuerwehr-ibbenbueren.de\/index.php?rest_route=\/wp\/v2\/media\/3023"}],"wp:attachment":[{"href":"https:\/\/www.feuerwehr-ibbenbueren.de\/index.php?rest_route=%2Fwp%2Fv2%2Fmedia&parent=11468"}],"wp:term":[{"taxonomy":"category","embeddable":true,"href":"https:\/\/www.feuerwehr-ibbenbueren.de\/index.php?rest_route=%2Fwp%2Fv2%2Fcategories&post=11468"},{"taxonomy":"post_tag","embeddable":true,"href":"https:\/\/www.feuerwehr-ibbenbueren.de\/index.php?rest_route=%2Fwp%2Fv2%2Ftags&post=11468"}],"curies":[{"name":"wp","href":"https:\/\/api.w.org\/{rel}","templated":true}]}}