{"id":12407,"date":"2018-02-17T22:39:00","date_gmt":"2018-02-17T21:39:00","guid":{"rendered":"http:\/\/www.feuerwehr-ibbenbueren.de\/?p=12407"},"modified":"2018-02-19T08:58:25","modified_gmt":"2018-02-19T07:58:25","slug":"betriebsstoffe-aufnehmen-3-2-3-3-3-3-2-3-12-3-2-2-4-2-2-3-5-2-2-2-2-2-2-copy-copy-copy-copy-copy-copy-copy-copy-2-copy-copy-2-copy-2-copy-2-copy-3-copy-copy-copy-copy-copy-copy-copy-copy-copy-3-cop-53","status":"publish","type":"post","link":"https:\/\/www.feuerwehr-ibbenbueren.de\/?p=12407","title":{"rendered":"Amtshilfe"},"content":{"rendered":"<p><strong>Einsatzbericht:<\/strong> Die Feuerwehr\u00a0wurde von\u00a0der Polizei\u00a0um Amtshilfe gebeten.<!--more--><\/p>\n<p>Durch die Feuerwehr wurde, f\u00fcr die Polizei, eine Eingangst\u00fcr ge\u00f6ffnet. Durch eine Lage\u00e4nderung, wurden Spezialkr\u00e4fte der Polizei nachgefordert. Die Feuerwehr Ibbenb\u00fcren blieb bis zu deren Eintreffen in Bereitstellung.<\/p>\n<p>Die Einsatzstelle wurde erst um 3:00 Uhr durch die Kameraden verlassen.<\/p>\n","protected":false},"excerpt":{"rendered":"<p>Einsatzbericht: Die Feuerwehr\u00a0wurde von\u00a0der Polizei\u00a0um Amtshilfe gebeten.<\/p>\n","protected":false},"author":7,"featured_media":1829,"comment_status":"open","ping_status":"open","sticky":false,"template":"","format":"standard","meta":{"footnotes":""},"categories":[10,5],"tags":[121,298,297],"class_list":["post-12407","post","type-post","status-publish","format-standard","has-post-thumbnail","hentry","category-alle-beitraege","category-einsaetze","tag-amtshilfe","tag-dienstbetrieb-2018","tag-stadtmitte-1-2018"],"_links":{"self":[{"href":"https:\/\/www.feuerwehr-ibbenbueren.de\/index.php?rest_route=\/wp\/v2\/posts\/12407","targetHints":{"allow":["GET"]}}],"collection":[{"href":"https:\/\/www.feuerwehr-ibbenbueren.de\/index.php?rest_route=\/wp\/v2\/posts"}],"about":[{"href":"https:\/\/www.feuerwehr-ibbenbueren.de\/index.php?rest_route=\/wp\/v2\/types\/post"}],"author":[{"embeddable":true,"href":"https:\/\/www.feuerwehr-ibbenbueren.de\/index.php?rest_route=\/wp\/v2\/users\/7"}],"replies":[{"embeddable":true,"href":"https:\/\/www.feuerwehr-ibbenbueren.de\/index.php?rest_route=%2Fwp%2Fv2%2Fcomments&post=12407"}],"version-history":[{"count":2,"href":"https:\/\/www.feuerwehr-ibbenbueren.de\/index.php?rest_route=\/wp\/v2\/posts\/12407\/revisions"}],"predecessor-version":[{"id":12409,"href":"https:\/\/www.feuerwehr-ibbenbueren.de\/index.php?rest_route=\/wp\/v2\/posts\/12407\/revisions\/12409"}],"wp:featuredmedia":[{"embeddable":true,"href":"https:\/\/www.feuerwehr-ibbenbueren.de\/index.php?rest_route=\/wp\/v2\/media\/1829"}],"wp:attachment":[{"href":"https:\/\/www.feuerwehr-ibbenbueren.de\/index.php?rest_route=%2Fwp%2Fv2%2Fmedia&parent=12407"}],"wp:term":[{"taxonomy":"category","embeddable":true,"href":"https:\/\/www.feuerwehr-ibbenbueren.de\/index.php?rest_route=%2Fwp%2Fv2%2Fcategories&post=12407"},{"taxonomy":"post_tag","embeddable":true,"href":"https:\/\/www.feuerwehr-ibbenbueren.de\/index.php?rest_route=%2Fwp%2Fv2%2Ftags&post=12407"}],"curies":[{"name":"wp","href":"https:\/\/api.w.org\/{rel}","templated":true}]}}