{"id":12448,"date":"2018-02-18T21:00:36","date_gmt":"2018-02-18T20:00:36","guid":{"rendered":"http:\/\/www.feuerwehr-ibbenbueren.de\/?p=12448"},"modified":"2018-02-23T20:32:25","modified_gmt":"2018-02-23T19:32:25","slug":"ferienfreizeit-doerenthe2015-2-2-2-2-2-2-2-2-5-3-copy-copy","status":"publish","type":"post","link":"https:\/\/www.feuerwehr-ibbenbueren.de\/?p=12448","title":{"rendered":"Jahreshauptversammlung der Feuerwehr Ibbenb\u00fcren"},"content":{"rendered":"<p>Zur diesj\u00e4hrigen Jahreshauptversammlung der Feuerwehr Ibbenb\u00fcren, dem R\u00fcckblick auf das Jahr 2017, hatte der Leiter der Feuerwehr Ibbenb\u00fcren, Karl-Heinz Rolf, alle Kameradinnen und Kameraden der Feuerwehr Ibbenb\u00fcren sowie <!--more-->zahlreiche G\u00e4ste in die Feuer- und Rettungswache Ibbenb\u00fcren eingeladen.<\/p>\n<p>Karl-Heinz Rolf er\u00f6ffnete die Veranstaltung und begr\u00fc\u00dfte die Vertreterinnen und Vertreter aus der kommunalen Politik\u00a0und Verwaltung, den Bezirksbrandmeister Donald Niehues, den stellvertretenden Kreisbrandmeister Stefan Steinigeweg, die Abordnungen von THW, DRK, DLRG und der Gasschutzwehr der RAG, die Ehrenwehrf\u00fchrer Heiner L\u00f6pmeier und Reinhard Meyer, den Fachberater Medizin Dr. Michael Micke, den Fachberater Seelsorge Pfarrer J\u00f6rg Zweihoff, die zahlreichen Kameradinnen und Kameraden der Aktiven Wehr, der Jugendfeuerwehr sowie der Ehrenabteilung und den B\u00fcrgermeister der Stadt Ibbenb\u00fcren Dr. Marc Schrameyer. Ein ganz besonderer Gru\u00df ging an die Kameraden der Partnerfeuerwehr Wangerooge, die erstmalig mit einer Abordnung an einer Jahreshauptversammlung in Ibbenb\u00fcren teilnahmen.<\/p>\n<p>Zur Ehrung der Verstorbenen fand Karl-Heinz Rolf die passenden Worte. Die Versammlung gedachte Helmut Borgert, (\u202071), Werner Keller (\u202092), sowie Werner Attermeier (\u202079).<\/p>\n<p>Nach der obligatorischen St\u00e4rkung mit den traditionellen Wurstbr\u00f6tchen richtete B\u00fcrgermeister Dr. Marc Schrameyer die Gr\u00fc\u00dfe von Rat und Verwaltung an die gut\u00a0250 G\u00e4ste der Veranstaltung. Wie bereits im letzten Jahr, \u00fcbte er deutliche Kritik an der inzwischen erfolgten Umsetzung des Rettungsdienstbedarfsplans durch den Kreis. Die Verlegung des zweiten NEF aus Ibbenb\u00fcren nach Mettingen mache rechnerisch keinen Sinn. Es k\u00f6nne nicht sein, dass die M\u00e4ngel im Gesundheitswesen auf dem R\u00fccken der Feuerwehr ausgetragen werden.\u00a0 Er wolle mal schauen, ob der Kreis sein Versprechen h\u00e4lt, dass man sich \u00fcber die Fortschreibung des Rettungsdienstbedarfsplanes unterh\u00e4lt. Den Feuerwehrleuten dankte er f\u00fcr die geleistete Arbeit, sowohl hauptamtlich als auch freiwillig. Der Zusammenhalt in der Truppe zeichne die Feuerwehr Ibbenb\u00fcren aus.<\/p>\n<p>Bezirksbrandmeister Donald Niehues \u00fcberbrachte die Gr\u00fc\u00dfe der Bezirksregierung. Er berichtete u.a. von den zahlreichen Unwettereins\u00e4tzen, durch die zuletzt drei tote Feuerwehrkameraden zu beklagen waren. Er appellierte in dem Zusammenhang an die Eigenverantwortung und erinnerte an die Aufgaben der Feuerwehr bei solchen Eins\u00e4tzen. Gewalt gegen Einsatzkr\u00e4fte und Gaffer an Einsatzstellen waren weitere seiner Themen, ebenso wie die neue Altersgrenze im aktiven Dienst und L\u00fccken im Versicherungsschutz der Kameradinnen und Kameraden, die es zu schlie\u00dfen gilt.<\/p>\n<p>Der Leiter der Wehr Karl-Heinz Rolf erg\u00e4nzte daraufhin, dass die Stadt Ibbenb\u00fcren bereits eine Zusatzversicherung daf\u00fcr abgeschlossen h\u00e4tte.<\/p>\n<p>Der stellvertretende Kreisbrandmeister Stefan Steinigeweg \u00fcberbrachte Gr\u00fc\u00dfe vom Landrat und vom KBM Raphael Ralf Meier. Er berichtete \u00fcber Neuigkeiten aus dem Kreisgebiet, wie Neuanschaffungen und erfolgreich praktizierte Stabsarbeit &#8211; zuletzt beim Gro\u00dfbrand der Firma Saertex, wo fast alle Feuerwehren des Kreises Steinfurt mit Einheiten im Einsatz waren. Er verlas ein Dankschreiben f\u00fcr die Unterst\u00fctzung (die Feuerwehr Ibbenb\u00fcren war dort \u00fcber\u00f6rtlich insgesamt mit neun Fahrzeugen und 33 Kr\u00e4ften im Einsatz). Den Kreisausbildern dankte Steinigeweg f\u00fcr die im vergangenen Jahr geleistete Arbeit.<\/p>\n<p>Der Leiter der Gasschutzwehr der RAG Anthrazit Ibbenb\u00fcren Franz-Josef Neuhaus\u00a0\u00fcberbrachte die Gr\u00fc\u00dfe der Gesch\u00e4ftsleitung der RAG. Bekanntlich endet in diesem Jahr der Bergbau in Ibbenb\u00fcren und so stehen f\u00fcr die n\u00e4chste Zeit Termine an, in denen die Feuerwehr Ibbenb\u00fcren gemeinsam mit der Gasschutzwehr Orts- und Sachkenntnis f\u00fcr das Gel\u00e4nde der bald ehemaligen Zeche bekommen wird. Auch in diesem Jahr konnte er\u00a0einen Scheck f\u00fcr die Jugendarbeit an den Leiter der Jugendfeuerwehr Bastian Siebelmeyer \u00fcberreichen, was er gerne tat.<\/p>\n<p>Feuerwehrarzt Dr. Michael Micke brachte den Bericht zum Thema Rettungsdienst. Nach einer \u00dcbersicht \u00fcber die Aufgaben und Verteilung der rettungsdienstlichen Aufgaben im Kreisgebiet, ging auch er kritisch auf die neue Positionierung der verschiedenen Rettungsmittel ein &#8211; diese w\u00fcrden vermehr um Ibbenb\u00fcren herum postiert, &#8222;wie in einem bekannten kleinen, gallischen Dorf&#8220;. Mit durchschnittlich 37 Eins\u00e4tzen im Rettungsdienst pro Tag habe die Wache in Ibbenb\u00fcren nach wie vor eine gro\u00dfe Belastung der hauptamtlichen Kameraden. Positiv konnte er von der erfolgreichen Ausbildung zu Notfallsanit\u00e4tern berichten. Diese werde seit 2014 praktiziert und auch weitergef\u00fchrt.<\/p>\n<p>Karl-Heinz Rolf f\u00fchrte seinerseits auch die gro\u00dfen Bedenken an der Richtigkeit der getroffenen Ma\u00dfnahmen im Rettungsdienst aus und belegte dies mit eindrucksvollen Zahlen. Er herrscht Einigkeit mit der Verwaltung, dass das so nicht in Ordnung sei. Die Personalstatistik der Feuerwehr war das n\u00e4chste Thema, dass der Wehrf\u00fchrer anging.<\/p>\n<p>Zum 31.12.2017 waren\u00a0in der Feuerwehr Ibbenb\u00fcren insgesamt an allen Standorten 221 Freiwillige Kameraden aktiv, 72 Kr\u00e4fte arbeiten hauptamtlich, 50 Mitglieder hat die Jugendfeuerwehr und ebenfalls 50 die Ehrenabteilung.<\/p>\n<p>In seinem anschlie\u00dfenden Bericht der vier L\u00f6schz\u00fcge, der hauptamtlichen Wache und der Jugendfeuerwehr f\u00fcr das vergangene Jahr ging der Wehrf\u00fchrer umfangreich\u00a0auf zahlreiche Eins\u00e4tze des vergangenen Jahr ein. Hier waren deutlich mehr Unwettereins\u00e4tze zu verzeichnen. Ausf\u00fchrlich ging er auf die verschiedenen Einsatzarten des vergangenen Jahres ein: Br\u00e4nde, technische Hilfe wie Verkehrsunf\u00e4lle auf der Autobahn, Gasaustritt, Bombenfund, Person hinter verschlossener T\u00fcr, Person vor Zug &#8211; um eine Auswahl zu nennen. Er berichtete au\u00dferdem von Aktivit\u00e4ten der Jugendfeuerwehr, dem Leistungsnachweis 2017 (zu dem bei der ersten Versammlung im Jahr 2018, im Januar bereits eine Ehrung stattgefunden hat), der Unterst\u00fctzung des DRK beim Bundeswettbewerb, der \u00d6ffentlichkeitsarbeit und dem Stand der Dinge zum Neubau des Ger\u00e4tehauses Laggenbeck.<\/p>\n<p>Die Fortbildungen der F\u00fchrungskr\u00e4fte auf der Insel Wangerooge gibt es nunmehr seit 20 Jahren. Diese erfolgreiche Sache soll auch weiter fortgesetzt werden. Dazu z\u00e4hlt auch der inzwischen zehn Jahre alte Kooperationsvertrag zur Nutzung einer Wohnung auf der Insel.<\/p>\n<p>Passend dazu gab es noch einen kurzen Gru\u00df des Leiters der Feuerwehr Wangerooge, Torsten Stumpf, der erstmalig mit einer Abordnung in Ibbenb\u00fcren war. Er lobte das gute partnerschaftliche Verh\u00e4ltnis der beiden Wehren und \u00fcberreichte mit launigen Worten eine Flagge der Feuerwehr Wangerooge, die zuk\u00fcnftig gehisst werden d\u00fcrfe, wenn er wieder in Ibbenb\u00fcren sei.<\/p>\n<p>Es folgten die Ehrungen und Bef\u00f6rderungen, die alle weiter unten nachzulesen sind.<\/p>\n<p>Aus der Hand vom BBM Donald Niehues erhielt Bruno Falkenreck die Feuerwehrehrennadel in Gold f\u00fcr 50 Jahre Mitgliedschaft in der Feuerwehr, sowie f\u00fcr 60 Jahre Mitgliedschaft in der Feuerwehr Wilhelm Rau\u00dfe.<\/p>\n<p>Eine besondere Ehrung gab es f\u00fcr unseren langj\u00e4hrigen Atemschutzger\u00e4tewart Heinz Wolf. Er erhielt f\u00fcr seine Verdienste um die Feuerwehr im Kreis Steinfurt vom stellvertretenden KBM Stefan Steinigeweg die Goldene Ehrennadel des Verbandes der Feuerwehren im Kreis Steinfurt.<\/p>\n<hr \/>\n<p><em>Der R\u00fcckblick auf das Jahr 2017 ist auch ausf\u00fchrlich nachzulesen in der neuen Ausgabe unserer Zeitschrift <span style=\"text-decoration: underline;\"><a title=\"Link\" href=\"https:\/\/www.feuerwehr-ibbenbueren.de\/?page_id=101\" target=\"_blank\" rel=\"noopener\">&#8222;brandaktuell, Ausgabe 31&#8220;<\/a><\/span>.<\/em><\/p>\n<p>&nbsp;<\/p>\n<p><strong>Neuaufnahmen <\/strong>am 16.2.2018<\/p>\n<p>In die Jugendfeuerwehr wurden elf neue Mitglieder aufgenommen, sie wurden vom Leiter der Feuerwehr Karl-Heinz Rolf herzlich begr\u00fc\u00dft und bekamen zum Einstand jeder eine Taschenlampe geschenkt:<\/p>\n<p>Jannik Breuer, Finn Freye, Jan Greiser, Jan Hamacher, Jan Koopmann, Madita Richter, Maximilian Schlot, Maarten Streiter, Luis T\u00fcchter, Henrik Vo\u00dfeberg und Carlo Wobben.<\/p>\n<p><strong><br \/>\nEhrungen<\/strong> am 16.2.2018<\/p>\n<p><span style=\"text-decoration: underline;\">Das Feuerwehr-Ehrenzeichen des Landes\u00a0NRW in Silber, f\u00fcr 25 Jahre aktiven Dienst im Feuerschutz, erhielten:<\/span><br \/>\n<em>LZ Stadtmitte 1 u. 2:<\/em>\u00a0Markus Jaschke, Christoph Lammers, Marko Lammerskitten<\/p>\n<p><span style=\"text-decoration: underline;\">Das Feuerwehr-Ehrenzeichen des Landes\u00a0NRW in Gold, f\u00fcr 35 Jahre aktiven Dienst im Feuerschutz, erhielten:<\/span><br \/>\n<em>LZ Stadtmitte 1 u. 2:\u00a0Markus Schoppe<br \/>\n<em>LZ D\u00f6renthe:<\/em>\u00a0Peter Berg, J\u00f6rg-Friedrich Dassmann<\/em><\/p>\n<p><span style=\"text-decoration: underline;\">Die Sonderauszeichnung des Verbandes der Feuerwehren in NRW in Gold, f\u00fcr 50 Jahre Mitgliedschaft in der Feuerwehr, erhielt:<\/span><br \/>\n<em>LZ Stadtmitte 1 u. 2:<\/em>\u00a0Bruno Falkenreck<\/p>\n<p><span style=\"text-decoration: underline;\">Die Sonderauszeichnung des Verbandes der Feuerwehren in NRW in Gold, f\u00fcr 60 Jahre Mitgliedschaft in der Feuerwehr, erhielt:<\/span><br \/>\n<em>LZ Stadtmitte 1 u. 2:<\/em>\u00a0Wilhelm Rau\u00dfe<\/p>\n<p><span style=\"text-decoration: underline;\">Die Sonderauszeichnung des Verbandes der Feuerwehren Kreis Steinfurt in Gold erhielt:<\/span><br \/>\n<em>LZ Stadtmitte 1 u.2: Heinz Wolf<\/em><\/p>\n<p>&nbsp;<\/p>\n<p>&nbsp;<\/p>\n<p><strong>Bef\u00f6rderungen <\/strong>am 16.2.2018<\/p>\n<p><span style=\"text-decoration: underline;\">Feuerwehrmannanw\u00e4rter\/-in:<\/span><br \/>\n<em>LZ Stadtmitte 1 u. 2:<\/em> Niklas Dierkes, Leonard Strothmann, Stefan Freye, Itana Figuierida Vazgues<br \/>\n<em>LZ Laggenbeck:\u00a0<\/em>Luis B\u00fcscher<\/p>\n<p><span style=\"text-decoration: underline;\">Feuerwehrmann:<\/span><br \/>\n<em>LZ Stadtmitte 1 u. 2:<\/em> Maik Fero, Jannes Wobben, Jonas Knobbe, Phillip Scholmeyer, Marcel Timmermann<br \/>\n<em>LZ Laggenbeck:\u00a0<\/em>Jan-Philip Herrmann<span style=\"text-decoration: underline;\"><br \/>\n<\/span><\/p>\n<p><span style=\"text-decoration: underline;\">Oberfeuerwehrmann\/-frau:<\/span><br \/>\n<em>LZ Stadtmitte 1:<\/em>\u00a0Bj\u00f6rn Becke, Tobias Liesenk\u00f6tter, Andreas Posingis, Leonard Schulte, Michelle Wrocklage<br \/>\n<em>LZ Laggenbeck:\u00a0<\/em>Fee Breckweg, Chiara Br\u00fcwer, Dr. Johannes Beerlink<br \/>\n<em>LZ D\u00f6renthe:\u00a0<\/em>Julius B\u00e4umer, J\u00f6rn Bosse, Malte Da\u00dfmann sowie Mirko Meier<\/p>\n<p><span style=\"text-decoration: underline;\">Hauptfeuerwehrmann\/-frau:<\/span><br \/>\n<em>LZ Stadtmitte 1:<\/em> Nils Dahlhaus, Anja Hackmann-Kerstiens, Jan-Niklas Kempker, Thorsten Thomas Schuller, Kai St\u00e4ss<br \/>\n<em>LZ D\u00f6renthe:\u00a0<\/em>Stefan Middendorf<\/p>\n<p><span style=\"text-decoration: underline;\">Unterbrandmeister:<\/span><br \/>\n<em>LZ Stadtmitte 1 u. 2:<\/em> Johannes Straten, Alexander K\u00f6nig<br \/>\n<em>LZ Laggenbeck:\u00a0<\/em>S\u00f6ren Elfring, Marvin Schwarzer<br \/>\n<em>LZ D\u00f6renthe:\u00a0<\/em>Leonard Stroot<\/p>\n<p><span style=\"text-decoration: underline;\">Brandmeister:<\/span><br \/>\n<em>LZ D\u00f6renthe:<\/em> Timo Verlage, Christoph Tenambergen.<\/p>\n<p><span style=\"text-decoration: underline;\">Oberbrandmeister\/-in:<\/span><br \/>\n<em>LZ Stadtmitte 1 u.2:<\/em>\u00a0Patrick Scholmeyer<br \/>\n<em>LZ Laggenbeck:<\/em>\u00a0Tina Attermeier<\/p>\n<p><span style=\"text-decoration: underline;\">Hauptbrandmeister:<\/span><br \/>\n<em>LZ Laggenbeck:<\/em>\u00a0Jens Gaida, Markus Schl\u00fcter<br \/>\n<em>LZ D\u00f6renthe:\u00a0<\/em>Daniel Verlage<\/p>\n<p><span style=\"text-decoration: underline;\">Brandinspektor:<\/span><br \/>\n<em>LZ Stadtmitte 1 u. 2:<\/em> Markus Kortbus<\/p>\n<p><span style=\"text-decoration: underline;\">Brandoberinspektor:<\/span><br \/>\n<em>LZ D\u00f6renthe: <\/em>Hans-Josef Hamacher<\/p>\n<p>Karl-Heinz Rolf beendete anschlie\u00dfend die wieder informativ und interessant gehaltene Jahreshauptversammlung und w\u00fcnschte allen Anwesenden noch einen guten Abend mit interessanten Gespr\u00e4chen.<\/p>\n<p>Ein besonderer Dank geht auch in diesem Jahr\u00a0wieder an den Festausschuss der Feuerwehr Ibbenb\u00fcren und die Kameradinnen und Kameraden des THW OV Ibbenb\u00fcren, die sich wieder ganz hervorragend um die Vorbereitung der Jahreshauptversammlung und um das leibliche Wohl gek\u00fcmmert haben.<\/p>\n<p>&nbsp;<\/p>\n<p><strong><em><a title=\"Link\" href=\"https:\/\/www.feuerwehr-ibbenbueren.de\/wp-content\/uploads\/2018\/02\/JHV_20180216_27.jpg\" target=\"_blank\" rel=\"noopener\">Download-Link f\u00fcr das Gruppenfoto mit allen Geehrten<\/a><br \/>\n<\/em><em><br \/>\n<a title=\"Link\" href=\"https:\/\/www.feuerwehr-ibbenbueren.de\/wp-content\/uploads\/2018\/02\/JHV_20180216_28.jpg\" target=\"_blank\" rel=\"noopener\">Download-Link f\u00fcr das Gruppenfoto mit allen Bef\u00f6rderten und Geehrten<\/a><\/em><\/strong><\/p>\n<p><em><strong><a title=\"Link\" href=\"https:\/\/www.feuerwehr-ibbenbueren.de\/wp-content\/uploads\/2018\/02\/20180108_Leistungsnachweisehrung.jpg\" target=\"_blank\" rel=\"noopener\">Download-Link f\u00fcr das Gruppenfoto der Leistungsnachweisgruppe<\/a><\/strong><\/em><\/p>\n<p><em><a title=\"brandaktuell\" href=\"https:\/\/www.feuerwehr-ibbenbueren.de\/?page_id=101\" target=\"_blank\" rel=\"noopener\"><strong>Alle Zahlen und Berichte zum Berichtsjahr 2017 hier in der neuen &#8222;brandaktuell&#8220;<\/strong><\/a><\/em><strong><em><br \/>\n<\/em><\/strong><\/p>\n<p><em><strong><a href=\"https:\/\/ivz-themenwelten.de\/Lokales\/191550\/Das-ist-nicht-in-Ordnung\" target=\"_blank\" rel=\"noopener\">LINK zum Bericht auf ivz-themenwelten (f\u00fcr Abonnenten)<\/a><\/strong><\/em><\/p>\n<p>Drei Fotos der Galerie mit freundlicher Genehmigung der IVZ, alle \u00fcbrigen Fotos: \u00a9 Feuerwehr Ibbenb\u00fcren.<\/p>\n<p>&nbsp;<\/p>\n\n\t\t<div id='gallery-1' class='gallery galleryid-12448 gallery-columns-4 gallery-size-thumbnail gallery1'><script type=\"text\/javascript\">\r\n\/\/ <![CDATA[\r\n\tjQuery(document).ready(function () {\r\n\t\tjQuery(\".gallery1 a\").attr(\"rel\",\"gallery1\");\t\r\n\t\tjQuery('a[rel=\"gallery1\"]').colorbox({maxWidth:\"95%\", maxHeight:\"95%\",title: function(){ return jQuery(this).children().attr(\"alt\"); }, });\r\n\t});\r\n\/\/ ]]>\r\n<\/script>\n<dl class=\"gallery-item\">\n<dt class=\"gallery-icon\">\r\n<a href=\"https:\/\/www.feuerwehr-ibbenbueren.de\/wp-content\/uploads\/2018\/02\/JHV_20180216_01.jpg\" title=\"\" rel=\"gallery1\"><img loading=\"lazy\" decoding=\"async\" src=\"https:\/\/www.feuerwehr-ibbenbueren.de\/wp-content\/uploads\/2018\/02\/JHV_20180216_01-150x150.jpg\" width=\"150\" height=\"150\" alt=\"\" \/><\/a>\r\n<\/dt><\/dl><dl class=\"gallery-item\">\n<dt class=\"gallery-icon\">\r\n<a href=\"https:\/\/www.feuerwehr-ibbenbueren.de\/wp-content\/uploads\/2018\/02\/JHV_20180216_02.jpg\" title=\"\" rel=\"gallery1\"><img loading=\"lazy\" decoding=\"async\" src=\"https:\/\/www.feuerwehr-ibbenbueren.de\/wp-content\/uploads\/2018\/02\/JHV_20180216_02-150x150.jpg\" width=\"150\" height=\"150\" alt=\"\" \/><\/a>\r\n<\/dt><\/dl><dl class=\"gallery-item\">\n<dt class=\"gallery-icon\">\r\n<a href=\"https:\/\/www.feuerwehr-ibbenbueren.de\/wp-content\/uploads\/2018\/02\/JHV_20180216_03.jpg\" title=\"\" rel=\"gallery1\"><img loading=\"lazy\" decoding=\"async\" src=\"https:\/\/www.feuerwehr-ibbenbueren.de\/wp-content\/uploads\/2018\/02\/JHV_20180216_03-150x150.jpg\" width=\"150\" height=\"150\" alt=\"\" \/><\/a>\r\n<\/dt><\/dl><dl class=\"gallery-item\">\n<dt class=\"gallery-icon\">\r\n<a href=\"https:\/\/www.feuerwehr-ibbenbueren.de\/wp-content\/uploads\/2018\/02\/JHV_20180216_04.jpg\" title=\"\" rel=\"gallery1\"><img loading=\"lazy\" decoding=\"async\" src=\"https:\/\/www.feuerwehr-ibbenbueren.de\/wp-content\/uploads\/2018\/02\/JHV_20180216_04-150x150.jpg\" width=\"150\" height=\"150\" alt=\"\" \/><\/a>\r\n<\/dt><\/dl><br style=\"clear: both\" \/><dl class=\"gallery-item\">\n<dt class=\"gallery-icon\">\r\n<a href=\"https:\/\/www.feuerwehr-ibbenbueren.de\/wp-content\/uploads\/2018\/02\/JHV_20180216_05.jpg\" title=\"\" rel=\"gallery1\"><img loading=\"lazy\" decoding=\"async\" src=\"https:\/\/www.feuerwehr-ibbenbueren.de\/wp-content\/uploads\/2018\/02\/JHV_20180216_05-150x150.jpg\" width=\"150\" height=\"150\" alt=\"\" \/><\/a>\r\n<\/dt><\/dl><dl class=\"gallery-item\">\n<dt class=\"gallery-icon\">\r\n<a href=\"https:\/\/www.feuerwehr-ibbenbueren.de\/wp-content\/uploads\/2018\/02\/JHV_20180216_06.jpg\" title=\"\" rel=\"gallery1\"><img loading=\"lazy\" decoding=\"async\" src=\"https:\/\/www.feuerwehr-ibbenbueren.de\/wp-content\/uploads\/2018\/02\/JHV_20180216_06-150x150.jpg\" width=\"150\" height=\"150\" alt=\"\" \/><\/a>\r\n<\/dt><\/dl><dl class=\"gallery-item\">\n<dt class=\"gallery-icon\">\r\n<a href=\"https:\/\/www.feuerwehr-ibbenbueren.de\/wp-content\/uploads\/2018\/02\/JHV_20180216_07.jpg\" title=\"\" rel=\"gallery1\"><img loading=\"lazy\" decoding=\"async\" src=\"https:\/\/www.feuerwehr-ibbenbueren.de\/wp-content\/uploads\/2018\/02\/JHV_20180216_07-150x150.jpg\" width=\"150\" height=\"150\" alt=\"\" \/><\/a>\r\n<\/dt><\/dl><dl class=\"gallery-item\">\n<dt class=\"gallery-icon\">\r\n<a href=\"https:\/\/www.feuerwehr-ibbenbueren.de\/wp-content\/uploads\/2018\/02\/JHV_20180216_08.jpg\" title=\"\" rel=\"gallery1\"><img loading=\"lazy\" decoding=\"async\" src=\"https:\/\/www.feuerwehr-ibbenbueren.de\/wp-content\/uploads\/2018\/02\/JHV_20180216_08-150x150.jpg\" width=\"150\" height=\"150\" alt=\"\" \/><\/a>\r\n<\/dt><\/dl><br style=\"clear: both\" \/><dl class=\"gallery-item\">\n<dt class=\"gallery-icon\">\r\n<a href=\"https:\/\/www.feuerwehr-ibbenbueren.de\/wp-content\/uploads\/2018\/02\/JHV_20180216_09.jpg\" title=\"\" rel=\"gallery1\"><img loading=\"lazy\" decoding=\"async\" src=\"https:\/\/www.feuerwehr-ibbenbueren.de\/wp-content\/uploads\/2018\/02\/JHV_20180216_09-150x150.jpg\" width=\"150\" height=\"150\" alt=\"\" \/><\/a>\r\n<\/dt><\/dl><dl class=\"gallery-item\">\n<dt class=\"gallery-icon\">\r\n<a href=\"https:\/\/www.feuerwehr-ibbenbueren.de\/wp-content\/uploads\/2018\/02\/JHV_20180216_10.jpg\" title=\"\" rel=\"gallery1\"><img loading=\"lazy\" decoding=\"async\" src=\"https:\/\/www.feuerwehr-ibbenbueren.de\/wp-content\/uploads\/2018\/02\/JHV_20180216_10-150x150.jpg\" width=\"150\" height=\"150\" alt=\"\" \/><\/a>\r\n<\/dt><\/dl><dl class=\"gallery-item\">\n<dt class=\"gallery-icon\">\r\n<a href=\"https:\/\/www.feuerwehr-ibbenbueren.de\/wp-content\/uploads\/2018\/02\/JHV_20180216_11.jpg\" title=\"\" rel=\"gallery1\"><img loading=\"lazy\" decoding=\"async\" src=\"https:\/\/www.feuerwehr-ibbenbueren.de\/wp-content\/uploads\/2018\/02\/JHV_20180216_11-150x150.jpg\" width=\"150\" height=\"150\" alt=\"\" \/><\/a>\r\n<\/dt><\/dl><dl class=\"gallery-item\">\n<dt class=\"gallery-icon\">\r\n<a href=\"https:\/\/www.feuerwehr-ibbenbueren.de\/wp-content\/uploads\/2018\/02\/JHV_20180216_12.jpg\" title=\"\" rel=\"gallery1\"><img loading=\"lazy\" decoding=\"async\" src=\"https:\/\/www.feuerwehr-ibbenbueren.de\/wp-content\/uploads\/2018\/02\/JHV_20180216_12-150x150.jpg\" width=\"150\" height=\"150\" alt=\"\" \/><\/a>\r\n<\/dt><\/dl><br style=\"clear: both\" \/><dl class=\"gallery-item\">\n<dt class=\"gallery-icon\">\r\n<a href=\"https:\/\/www.feuerwehr-ibbenbueren.de\/wp-content\/uploads\/2018\/02\/JHV_20180216_13.jpg\" title=\"\" rel=\"gallery1\"><img loading=\"lazy\" decoding=\"async\" src=\"https:\/\/www.feuerwehr-ibbenbueren.de\/wp-content\/uploads\/2018\/02\/JHV_20180216_13-150x150.jpg\" width=\"150\" height=\"150\" alt=\"\" \/><\/a>\r\n<\/dt><\/dl><dl class=\"gallery-item\">\n<dt class=\"gallery-icon\">\r\n<a href=\"https:\/\/www.feuerwehr-ibbenbueren.de\/wp-content\/uploads\/2018\/02\/JHV_20180216_14.jpg\" title=\"\" rel=\"gallery1\"><img loading=\"lazy\" decoding=\"async\" src=\"https:\/\/www.feuerwehr-ibbenbueren.de\/wp-content\/uploads\/2018\/02\/JHV_20180216_14-150x150.jpg\" width=\"150\" height=\"150\" alt=\"\" \/><\/a>\r\n<\/dt><\/dl><dl class=\"gallery-item\">\n<dt class=\"gallery-icon\">\r\n<a href=\"https:\/\/www.feuerwehr-ibbenbueren.de\/wp-content\/uploads\/2018\/02\/JHV_20180216_15.jpg\" title=\"\" rel=\"gallery1\"><img loading=\"lazy\" decoding=\"async\" src=\"https:\/\/www.feuerwehr-ibbenbueren.de\/wp-content\/uploads\/2018\/02\/JHV_20180216_15-150x150.jpg\" width=\"150\" height=\"150\" alt=\"\" \/><\/a>\r\n<\/dt><\/dl><dl class=\"gallery-item\">\n<dt class=\"gallery-icon\">\r\n<a href=\"https:\/\/www.feuerwehr-ibbenbueren.de\/wp-content\/uploads\/2018\/02\/JHV_20180216_16.jpg\" title=\"\" rel=\"gallery1\"><img loading=\"lazy\" decoding=\"async\" src=\"https:\/\/www.feuerwehr-ibbenbueren.de\/wp-content\/uploads\/2018\/02\/JHV_20180216_16-150x150.jpg\" width=\"150\" height=\"150\" alt=\"\" \/><\/a>\r\n<\/dt><\/dl><br style=\"clear: both\" \/><dl class=\"gallery-item\">\n<dt class=\"gallery-icon\">\r\n<a href=\"https:\/\/www.feuerwehr-ibbenbueren.de\/wp-content\/uploads\/2018\/02\/JHV_20180216_17.jpg\" title=\"\" rel=\"gallery1\"><img loading=\"lazy\" decoding=\"async\" src=\"https:\/\/www.feuerwehr-ibbenbueren.de\/wp-content\/uploads\/2018\/02\/JHV_20180216_17-150x150.jpg\" width=\"150\" height=\"150\" alt=\"\" \/><\/a>\r\n<\/dt><\/dl><dl class=\"gallery-item\">\n<dt class=\"gallery-icon\">\r\n<a href=\"https:\/\/www.feuerwehr-ibbenbueren.de\/wp-content\/uploads\/2018\/02\/JHV_20180216_18.jpg\" title=\"\" rel=\"gallery1\"><img loading=\"lazy\" decoding=\"async\" src=\"https:\/\/www.feuerwehr-ibbenbueren.de\/wp-content\/uploads\/2018\/02\/JHV_20180216_18-150x150.jpg\" width=\"150\" height=\"150\" alt=\"\" \/><\/a>\r\n<\/dt><\/dl><dl class=\"gallery-item\">\n<dt class=\"gallery-icon\">\r\n<a href=\"https:\/\/www.feuerwehr-ibbenbueren.de\/wp-content\/uploads\/2018\/02\/JHV_20180216_19.jpg\" title=\"\" rel=\"gallery1\"><img loading=\"lazy\" decoding=\"async\" src=\"https:\/\/www.feuerwehr-ibbenbueren.de\/wp-content\/uploads\/2018\/02\/JHV_20180216_19-150x150.jpg\" width=\"150\" height=\"150\" alt=\"\" \/><\/a>\r\n<\/dt><\/dl><dl class=\"gallery-item\">\n<dt class=\"gallery-icon\">\r\n<a href=\"https:\/\/www.feuerwehr-ibbenbueren.de\/wp-content\/uploads\/2018\/02\/JHV_20180216_20.jpg\" title=\"\" rel=\"gallery1\"><img loading=\"lazy\" decoding=\"async\" src=\"https:\/\/www.feuerwehr-ibbenbueren.de\/wp-content\/uploads\/2018\/02\/JHV_20180216_20-150x150.jpg\" width=\"150\" height=\"150\" alt=\"\" \/><\/a>\r\n<\/dt><\/dl><br style=\"clear: both\" \/><dl class=\"gallery-item\">\n<dt class=\"gallery-icon\">\r\n<a href=\"https:\/\/www.feuerwehr-ibbenbueren.de\/wp-content\/uploads\/2018\/02\/JHV_20180216_21.jpg\" title=\"\" rel=\"gallery1\"><img loading=\"lazy\" decoding=\"async\" src=\"https:\/\/www.feuerwehr-ibbenbueren.de\/wp-content\/uploads\/2018\/02\/JHV_20180216_21-150x150.jpg\" width=\"150\" height=\"150\" alt=\"\" \/><\/a>\r\n<\/dt><\/dl><dl class=\"gallery-item\">\n<dt class=\"gallery-icon\">\r\n<a href=\"https:\/\/www.feuerwehr-ibbenbueren.de\/wp-content\/uploads\/2018\/02\/\u00a9IVZ_20180216_1_JHV.jpg\" title=\"\u00a9 IVZ\" rel=\"gallery1\"><img loading=\"lazy\" decoding=\"async\" src=\"https:\/\/www.feuerwehr-ibbenbueren.de\/wp-content\/uploads\/2018\/02\/\u00a9IVZ_20180216_1_JHV-150x150.jpg\" width=\"150\" height=\"150\" alt=\"\u00a9 IVZ\" \/><\/a>\r\n<\/dt><dd class=\"gallery-caption\" id=\"caption12416\"><span class=\"imagecaption\">\u00a9 IVZ<\/span><br \/>\n<\/dd><\/dl><dl class=\"gallery-item\">\n<dt class=\"gallery-icon\">\r\n<a href=\"https:\/\/www.feuerwehr-ibbenbueren.de\/wp-content\/uploads\/2018\/02\/\u00a9IVZ_20180216_2_JHV.jpg\" title=\"\u00a9 IVZ\" rel=\"gallery1\"><img loading=\"lazy\" decoding=\"async\" src=\"https:\/\/www.feuerwehr-ibbenbueren.de\/wp-content\/uploads\/2018\/02\/\u00a9IVZ_20180216_2_JHV-150x150.jpg\" width=\"150\" height=\"150\" alt=\"\u00a9 IVZ\" \/><\/a>\r\n<\/dt><dd class=\"gallery-caption\" id=\"caption12417\"><span class=\"imagecaption\">\u00a9 IVZ<\/span><br \/>\n<\/dd><\/dl><dl class=\"gallery-item\">\n<dt class=\"gallery-icon\">\r\n<a href=\"https:\/\/www.feuerwehr-ibbenbueren.de\/wp-content\/uploads\/2018\/02\/JHV_20180216_22.jpg\" title=\"\" rel=\"gallery1\"><img loading=\"lazy\" decoding=\"async\" src=\"https:\/\/www.feuerwehr-ibbenbueren.de\/wp-content\/uploads\/2018\/02\/JHV_20180216_22-150x150.jpg\" width=\"150\" height=\"150\" alt=\"\" \/><\/a>\r\n<\/dt><\/dl><br style=\"clear: both\" \/><dl class=\"gallery-item\">\n<dt class=\"gallery-icon\">\r\n<a href=\"https:\/\/www.feuerwehr-ibbenbueren.de\/wp-content\/uploads\/2018\/02\/\u00a9IVZ_20180216_3_JHV.jpg\" title=\"\u00a9 IVZ\" rel=\"gallery1\"><img loading=\"lazy\" decoding=\"async\" src=\"https:\/\/www.feuerwehr-ibbenbueren.de\/wp-content\/uploads\/2018\/02\/\u00a9IVZ_20180216_3_JHV-150x150.jpg\" width=\"150\" height=\"150\" alt=\"\u00a9 IVZ\" \/><\/a>\r\n<\/dt><dd class=\"gallery-caption\" id=\"caption12418\"><span class=\"imagecaption\">\u00a9 IVZ<\/span><br \/>\n<\/dd><\/dl><dl class=\"gallery-item\">\n<dt class=\"gallery-icon\">\r\n<a href=\"https:\/\/www.feuerwehr-ibbenbueren.de\/wp-content\/uploads\/2018\/02\/JHV_20180216_23.jpg\" title=\"\" rel=\"gallery1\"><img loading=\"lazy\" decoding=\"async\" src=\"https:\/\/www.feuerwehr-ibbenbueren.de\/wp-content\/uploads\/2018\/02\/JHV_20180216_23-150x150.jpg\" width=\"150\" height=\"150\" alt=\"\" \/><\/a>\r\n<\/dt><\/dl><dl class=\"gallery-item\">\n<dt class=\"gallery-icon\">\r\n<a href=\"https:\/\/www.feuerwehr-ibbenbueren.de\/wp-content\/uploads\/2018\/02\/JHV_20180216_24.jpg\" title=\"\" rel=\"gallery1\"><img loading=\"lazy\" decoding=\"async\" src=\"https:\/\/www.feuerwehr-ibbenbueren.de\/wp-content\/uploads\/2018\/02\/JHV_20180216_24-150x150.jpg\" width=\"150\" height=\"150\" alt=\"\" \/><\/a>\r\n<\/dt><\/dl><dl class=\"gallery-item\">\n<dt class=\"gallery-icon\">\r\n<a href=\"https:\/\/www.feuerwehr-ibbenbueren.de\/wp-content\/uploads\/2018\/02\/JHV_20180216_25.jpg\" title=\"\" rel=\"gallery1\"><img loading=\"lazy\" decoding=\"async\" src=\"https:\/\/www.feuerwehr-ibbenbueren.de\/wp-content\/uploads\/2018\/02\/JHV_20180216_25-150x150.jpg\" width=\"150\" height=\"150\" alt=\"\" \/><\/a>\r\n<\/dt><\/dl><br style=\"clear: both\" \/><dl class=\"gallery-item\">\n<dt class=\"gallery-icon\">\r\n<a href=\"https:\/\/www.feuerwehr-ibbenbueren.de\/wp-content\/uploads\/2018\/02\/JHV_20180216_26.jpg\" title=\"\" rel=\"gallery1\"><img loading=\"lazy\" decoding=\"async\" src=\"https:\/\/www.feuerwehr-ibbenbueren.de\/wp-content\/uploads\/2018\/02\/JHV_20180216_26-150x150.jpg\" width=\"150\" height=\"150\" alt=\"\" \/><\/a>\r\n<\/dt><\/dl><dl class=\"gallery-item\">\n<dt class=\"gallery-icon\">\r\n<a href=\"https:\/\/www.feuerwehr-ibbenbueren.de\/wp-content\/uploads\/2018\/02\/JHV_20180216_27.jpg\" title=\"\" rel=\"gallery1\"><img loading=\"lazy\" decoding=\"async\" src=\"https:\/\/www.feuerwehr-ibbenbueren.de\/wp-content\/uploads\/2018\/02\/JHV_20180216_27-150x150.jpg\" width=\"150\" height=\"150\" alt=\"\" \/><\/a>\r\n<\/dt><\/dl><dl class=\"gallery-item\">\n<dt class=\"gallery-icon\">\r\n<a href=\"https:\/\/www.feuerwehr-ibbenbueren.de\/wp-content\/uploads\/2018\/02\/JHV_20180216_28.jpg\" title=\"\" rel=\"gallery1\"><img loading=\"lazy\" decoding=\"async\" src=\"https:\/\/www.feuerwehr-ibbenbueren.de\/wp-content\/uploads\/2018\/02\/JHV_20180216_28-150x150.jpg\" width=\"150\" height=\"150\" alt=\"\" \/><\/a>\r\n<\/dt><\/dl><dl class=\"gallery-item\">\n<dt class=\"gallery-icon\">\r\n<a href=\"https:\/\/www.feuerwehr-ibbenbueren.de\/wp-content\/uploads\/2018\/02\/20180108_Leistungsnachweisehrung.jpg\" title=\"\" rel=\"gallery1\"><img loading=\"lazy\" decoding=\"async\" src=\"https:\/\/www.feuerwehr-ibbenbueren.de\/wp-content\/uploads\/2018\/02\/20180108_Leistungsnachweisehrung-150x150.jpg\" width=\"150\" height=\"150\" alt=\"\" \/><\/a>\r\n<\/dt><\/dl><br style=\"clear: both\" \/>\r\n\t\t<\/div>\n\n","protected":false},"excerpt":{"rendered":"<p>Zur diesj\u00e4hrigen Jahreshauptversammlung der Feuerwehr Ibbenb\u00fcren, dem R\u00fcckblick auf das Jahr 2017, hatte der Leiter der Feuerwehr Ibbenb\u00fcren, Karl-Heinz Rolf, alle Kameradinnen und Kameraden der Feuerwehr Ibbenb\u00fcren sowie<\/p>\n","protected":false},"author":2,"featured_media":12443,"comment_status":"closed","ping_status":"closed","sticky":false,"template":"","format":"standard","meta":{"footnotes":""},"categories":[10,8,6],"tags":[33,153,209,128,129,123,60,66,77],"class_list":["post-12448","post","type-post","status-publish","format-standard","has-post-thumbnail","hentry","category-alle-beitraege","category-information","category-veranstaltungen","tag-doerenthe","tag-hauptamtliche-kraefte","tag-jahreshauptversammlung","tag-jf-ibbenbueren","tag-jf-laggenbeck","tag-jugendfeuerwehr","tag-stadtmitte-1","tag-stadtmitte-2","tag-veranstaltung"],"_links":{"self":[{"href":"https:\/\/www.feuerwehr-ibbenbueren.de\/index.php?rest_route=\/wp\/v2\/posts\/12448","targetHints":{"allow":["GET"]}}],"collection":[{"href":"https:\/\/www.feuerwehr-ibbenbueren.de\/index.php?rest_route=\/wp\/v2\/posts"}],"about":[{"href":"https:\/\/www.feuerwehr-ibbenbueren.de\/index.php?rest_route=\/wp\/v2\/types\/post"}],"author":[{"embeddable":true,"href":"https:\/\/www.feuerwehr-ibbenbueren.de\/index.php?rest_route=\/wp\/v2\/users\/2"}],"replies":[{"embeddable":true,"href":"https:\/\/www.feuerwehr-ibbenbueren.de\/index.php?rest_route=%2Fwp%2Fv2%2Fcomments&post=12448"}],"version-history":[{"count":16,"href":"https:\/\/www.feuerwehr-ibbenbueren.de\/index.php?rest_route=\/wp\/v2\/posts\/12448\/revisions"}],"predecessor-version":[{"id":12554,"href":"https:\/\/www.feuerwehr-ibbenbueren.de\/index.php?rest_route=\/wp\/v2\/posts\/12448\/revisions\/12554"}],"wp:featuredmedia":[{"embeddable":true,"href":"https:\/\/www.feuerwehr-ibbenbueren.de\/index.php?rest_route=\/wp\/v2\/media\/12443"}],"wp:attachment":[{"href":"https:\/\/www.feuerwehr-ibbenbueren.de\/index.php?rest_route=%2Fwp%2Fv2%2Fmedia&parent=12448"}],"wp:term":[{"taxonomy":"category","embeddable":true,"href":"https:\/\/www.feuerwehr-ibbenbueren.de\/index.php?rest_route=%2Fwp%2Fv2%2Fcategories&post=12448"},{"taxonomy":"post_tag","embeddable":true,"href":"https:\/\/www.feuerwehr-ibbenbueren.de\/index.php?rest_route=%2Fwp%2Fv2%2Ftags&post=12448"}],"curies":[{"name":"wp","href":"https:\/\/api.w.org\/{rel}","templated":true}]}}