{"id":12849,"date":"2018-03-17T11:05:17","date_gmt":"2018-03-17T10:05:17","guid":{"rendered":"http:\/\/www.feuerwehr-ibbenbueren.de\/?p=12849"},"modified":"2018-03-19T11:59:18","modified_gmt":"2018-03-19T10:59:18","slug":"amtshilfe-copy-copy-copy-2-copy-3-copy-copy-copy-2-copy-copy-2-copy-copy-copy-copy-2-copy-2-copy-copy-copy-2-copy-copy-copy-copy-copy-copy-copy-copy-2-copy-copy-2-copy-2-copy","status":"publish","type":"post","link":"https:\/\/www.feuerwehr-ibbenbueren.de\/?p=12849","title":{"rendered":"Nachl\u00f6scharbeiten"},"content":{"rendered":"<p><strong>Einsatzbericht:<\/strong>\u00a0Der L\u00f6schzug Stadtmitte 2 wurde zur Unterst\u00fctzung des Dienstbetriebes alarmiert.<!--more--><\/p>\n<p>Der Dienstbetrieb war schon seit den Morgenstunden an der Einsatzstelle &#8220; An der Mauritiuskirche&#8220; mit Nachl\u00f6sch- und Aufr\u00e4umarbeiten t\u00e4tig.<\/p>\n<p>Die freiwillige Feuerwehr unterst\u00fctzte die Arbeiten.<\/p>\n","protected":false},"excerpt":{"rendered":"<p>Einsatzbericht:\u00a0Der L\u00f6schzug Stadtmitte 2 wurde zur Unterst\u00fctzung des Dienstbetriebes alarmiert.<\/p>\n","protected":false},"author":7,"featured_media":1828,"comment_status":"open","ping_status":"open","sticky":false,"template":"","format":"standard","meta":{"footnotes":""},"categories":[10,5],"tags":[314,300],"class_list":["post-12849","post","type-post","status-publish","format-standard","has-post-thumbnail","hentry","category-alle-beitraege","category-einsaetze","tag-nachloescharbeiten","tag-stadtmitte-2-2018"],"_links":{"self":[{"href":"https:\/\/www.feuerwehr-ibbenbueren.de\/index.php?rest_route=\/wp\/v2\/posts\/12849","targetHints":{"allow":["GET"]}}],"collection":[{"href":"https:\/\/www.feuerwehr-ibbenbueren.de\/index.php?rest_route=\/wp\/v2\/posts"}],"about":[{"href":"https:\/\/www.feuerwehr-ibbenbueren.de\/index.php?rest_route=\/wp\/v2\/types\/post"}],"author":[{"embeddable":true,"href":"https:\/\/www.feuerwehr-ibbenbueren.de\/index.php?rest_route=\/wp\/v2\/users\/7"}],"replies":[{"embeddable":true,"href":"https:\/\/www.feuerwehr-ibbenbueren.de\/index.php?rest_route=%2Fwp%2Fv2%2Fcomments&post=12849"}],"version-history":[{"count":2,"href":"https:\/\/www.feuerwehr-ibbenbueren.de\/index.php?rest_route=\/wp\/v2\/posts\/12849\/revisions"}],"predecessor-version":[{"id":12851,"href":"https:\/\/www.feuerwehr-ibbenbueren.de\/index.php?rest_route=\/wp\/v2\/posts\/12849\/revisions\/12851"}],"wp:featuredmedia":[{"embeddable":true,"href":"https:\/\/www.feuerwehr-ibbenbueren.de\/index.php?rest_route=\/wp\/v2\/media\/1828"}],"wp:attachment":[{"href":"https:\/\/www.feuerwehr-ibbenbueren.de\/index.php?rest_route=%2Fwp%2Fv2%2Fmedia&parent=12849"}],"wp:term":[{"taxonomy":"category","embeddable":true,"href":"https:\/\/www.feuerwehr-ibbenbueren.de\/index.php?rest_route=%2Fwp%2Fv2%2Fcategories&post=12849"},{"taxonomy":"post_tag","embeddable":true,"href":"https:\/\/www.feuerwehr-ibbenbueren.de\/index.php?rest_route=%2Fwp%2Fv2%2Ftags&post=12849"}],"curies":[{"name":"wp","href":"https:\/\/api.w.org\/{rel}","templated":true}]}}