{"id":13985,"date":"2018-06-23T17:18:21","date_gmt":"2018-06-23T15:18:21","guid":{"rendered":"http:\/\/www.feuerwehr-ibbenbueren.de\/?p=13985"},"modified":"2018-06-23T19:06:57","modified_gmt":"2018-06-23T17:06:57","slug":"betriebsstoffe-aufnehmen-2-2-2-2-4-2-2-2-2-2-2-4-2-2-5-2-2-4-3-2-2-2-2-2-2-2-2-2-3-copy-2-copy-3-copy-3-copy-2-copy-copy-2-copy-2-copy","status":"publish","type":"post","link":"https:\/\/www.feuerwehr-ibbenbueren.de\/?p=13985","title":{"rendered":"TH klein"},"content":{"rendered":"<p><strong>Einsatzbericht: <\/strong>Der Dienstbetrieb wurde unter dem Stichwort \u00d6l Stra\u00dfe alarmiert. <!--more--><\/p>\n<p>Ein ca 2 m\u00b2 gro\u00dfer \u00d6lfleck wurde von der Feuerwehr abgestreut.<\/p>\n<p>Einsatzstelle wurde im Anschluss an den ebenfalls alarmierten Stra\u00dfenbaulasttr\u00e4ger \u00fcbergeben.<\/p>\n","protected":false},"excerpt":{"rendered":"<p>Einsatzbericht: Der Dienstbetrieb wurde unter dem Stichwort \u00d6l Stra\u00dfe alarmiert.<\/p>\n","protected":false},"author":8,"featured_media":1829,"comment_status":"open","ping_status":"open","sticky":false,"template":"","format":"standard","meta":{"footnotes":""},"categories":[10,5],"tags":[296,80,73],"class_list":["post-13985","post","type-post","status-publish","format-standard","has-post-thumbnail","hentry","category-alle-beitraege","category-einsaetze","tag-nur-dienstbetrieb-2018","tag-oel","tag-th"],"_links":{"self":[{"href":"https:\/\/www.feuerwehr-ibbenbueren.de\/index.php?rest_route=\/wp\/v2\/posts\/13985","targetHints":{"allow":["GET"]}}],"collection":[{"href":"https:\/\/www.feuerwehr-ibbenbueren.de\/index.php?rest_route=\/wp\/v2\/posts"}],"about":[{"href":"https:\/\/www.feuerwehr-ibbenbueren.de\/index.php?rest_route=\/wp\/v2\/types\/post"}],"author":[{"embeddable":true,"href":"https:\/\/www.feuerwehr-ibbenbueren.de\/index.php?rest_route=\/wp\/v2\/users\/8"}],"replies":[{"embeddable":true,"href":"https:\/\/www.feuerwehr-ibbenbueren.de\/index.php?rest_route=%2Fwp%2Fv2%2Fcomments&post=13985"}],"version-history":[{"count":3,"href":"https:\/\/www.feuerwehr-ibbenbueren.de\/index.php?rest_route=\/wp\/v2\/posts\/13985\/revisions"}],"predecessor-version":[{"id":13988,"href":"https:\/\/www.feuerwehr-ibbenbueren.de\/index.php?rest_route=\/wp\/v2\/posts\/13985\/revisions\/13988"}],"wp:featuredmedia":[{"embeddable":true,"href":"https:\/\/www.feuerwehr-ibbenbueren.de\/index.php?rest_route=\/wp\/v2\/media\/1829"}],"wp:attachment":[{"href":"https:\/\/www.feuerwehr-ibbenbueren.de\/index.php?rest_route=%2Fwp%2Fv2%2Fmedia&parent=13985"}],"wp:term":[{"taxonomy":"category","embeddable":true,"href":"https:\/\/www.feuerwehr-ibbenbueren.de\/index.php?rest_route=%2Fwp%2Fv2%2Fcategories&post=13985"},{"taxonomy":"post_tag","embeddable":true,"href":"https:\/\/www.feuerwehr-ibbenbueren.de\/index.php?rest_route=%2Fwp%2Fv2%2Ftags&post=13985"}],"curies":[{"name":"wp","href":"https:\/\/api.w.org\/{rel}","templated":true}]}}