{"id":14517,"date":"2018-09-04T12:45:12","date_gmt":"2018-09-04T10:45:12","guid":{"rendered":"https:\/\/www.feuerwehr-ibbenbueren.de\/?p=14517"},"modified":"2018-09-07T11:52:14","modified_gmt":"2018-09-07T09:52:14","slug":"betriebsstoffe-aufnehmen-3-2-2-3-copy-copy-2-copy","status":"publish","type":"post","link":"https:\/\/www.feuerwehr-ibbenbueren.de\/?p=14517","title":{"rendered":"\u00d6l-Stra\u00dfe, BAB 30"},"content":{"rendered":"<p><strong>Einsatzbericht: <\/strong>\u00a0Der Dienstbetrieb wurde heute Mittag, zu einer \u00d6lspur, auf die Autobahn alarmiert. <!--more--><\/p>\n<p>Nach einem Verkehrunfall, zwischen einem PKW und einem LKW, verunreinigten Betriebsmittel die \u00dcberholspur der BAB 30. Die Feuerwehr Ibbenb\u00fcren setzte \u00d6lbindemittel ein um die Gefahrenstelle zu beseitigen.<\/p>\n<p>Die Einsatzstelle wurde der Autobahnpolizei \u00fcbergeben.<\/p>\n","protected":false},"excerpt":{"rendered":"<p>Einsatzbericht: \u00a0Der Dienstbetrieb wurde heute Mittag, zu einer \u00d6lspur, auf die Autobahn alarmiert.<\/p>\n","protected":false},"author":7,"featured_media":1829,"comment_status":"open","ping_status":"open","sticky":false,"template":"","format":"standard","meta":{"footnotes":""},"categories":[10,5],"tags":[138,296,80,73],"class_list":["post-14517","post","type-post","status-publish","format-standard","has-post-thumbnail","hentry","category-alle-beitraege","category-einsaetze","tag-bab30","tag-nur-dienstbetrieb-2018","tag-oel","tag-th"],"_links":{"self":[{"href":"https:\/\/www.feuerwehr-ibbenbueren.de\/index.php?rest_route=\/wp\/v2\/posts\/14517","targetHints":{"allow":["GET"]}}],"collection":[{"href":"https:\/\/www.feuerwehr-ibbenbueren.de\/index.php?rest_route=\/wp\/v2\/posts"}],"about":[{"href":"https:\/\/www.feuerwehr-ibbenbueren.de\/index.php?rest_route=\/wp\/v2\/types\/post"}],"author":[{"embeddable":true,"href":"https:\/\/www.feuerwehr-ibbenbueren.de\/index.php?rest_route=\/wp\/v2\/users\/7"}],"replies":[{"embeddable":true,"href":"https:\/\/www.feuerwehr-ibbenbueren.de\/index.php?rest_route=%2Fwp%2Fv2%2Fcomments&post=14517"}],"version-history":[{"count":1,"href":"https:\/\/www.feuerwehr-ibbenbueren.de\/index.php?rest_route=\/wp\/v2\/posts\/14517\/revisions"}],"predecessor-version":[{"id":14518,"href":"https:\/\/www.feuerwehr-ibbenbueren.de\/index.php?rest_route=\/wp\/v2\/posts\/14517\/revisions\/14518"}],"wp:featuredmedia":[{"embeddable":true,"href":"https:\/\/www.feuerwehr-ibbenbueren.de\/index.php?rest_route=\/wp\/v2\/media\/1829"}],"wp:attachment":[{"href":"https:\/\/www.feuerwehr-ibbenbueren.de\/index.php?rest_route=%2Fwp%2Fv2%2Fmedia&parent=14517"}],"wp:term":[{"taxonomy":"category","embeddable":true,"href":"https:\/\/www.feuerwehr-ibbenbueren.de\/index.php?rest_route=%2Fwp%2Fv2%2Fcategories&post=14517"},{"taxonomy":"post_tag","embeddable":true,"href":"https:\/\/www.feuerwehr-ibbenbueren.de\/index.php?rest_route=%2Fwp%2Fv2%2Ftags&post=14517"}],"curies":[{"name":"wp","href":"https:\/\/api.w.org\/{rel}","templated":true}]}}