{"id":14649,"date":"2018-09-26T02:31:01","date_gmt":"2018-09-26T00:31:01","guid":{"rendered":"https:\/\/www.feuerwehr-ibbenbueren.de\/?p=14649"},"modified":"2018-09-26T11:11:53","modified_gmt":"2018-09-26T09:11:53","slug":"betriebsstoffe-aufnehmen-2-2-2-2-4-2-2-2-2-2-2-4-2-2-5-2-2-4-3-2-2-2-2-2-2-2-2-2-3-copy-2-copy-copy-copy-copy-copy-copy-3-copy-2-copy-copy-2-copy-copy-copy-copy-2-copy-2-copy-copy-2-copy-2-copy-copy-6","status":"publish","type":"post","link":"https:\/\/www.feuerwehr-ibbenbueren.de\/?p=14649","title":{"rendered":"Brand klein- brennen Papierm\u00fclltonnen"},"content":{"rendered":"<p><strong>Einsatzbericht:\u00a0<\/strong>Der Dienstbetrieb wurde mit dem Stichwort &#8222;Brand klein&#8220; in die Stra\u00dfe &#8220; An der \u00d6konomie&#8220; alarmiert.<br \/>\n<!--more--><\/p>\n<p>Auf der Stra\u00dfe standen vier Papierm\u00fclltonnen (240 Liter) in Flammen. Die Feuerwehr l\u00f6schte die Tonnen mit einem C-Rohr ab.<\/p>\n<p>Einsatzstelle an die Polizei \u00fcbergeben.<\/p>\n<p>&nbsp;<\/p>\n<p>&nbsp;<\/p>\n<p>&nbsp;<\/p>\n","protected":false},"excerpt":{"rendered":"<p>Einsatzbericht:\u00a0Der Dienstbetrieb wurde mit dem Stichwort &#8222;Brand klein&#8220; in die Stra\u00dfe &#8220; An der \u00d6konomie&#8220; alarmiert.<\/p>\n","protected":false},"author":7,"featured_media":1831,"comment_status":"open","ping_status":"open","sticky":false,"template":"","format":"standard","meta":{"footnotes":""},"categories":[10,5],"tags":[71,79,296],"class_list":["post-14649","post","type-post","status-publish","format-standard","has-post-thumbnail","hentry","category-alle-beitraege","category-einsaetze","tag-feuer","tag-kleinbrand","tag-nur-dienstbetrieb-2018"],"_links":{"self":[{"href":"https:\/\/www.feuerwehr-ibbenbueren.de\/index.php?rest_route=\/wp\/v2\/posts\/14649","targetHints":{"allow":["GET"]}}],"collection":[{"href":"https:\/\/www.feuerwehr-ibbenbueren.de\/index.php?rest_route=\/wp\/v2\/posts"}],"about":[{"href":"https:\/\/www.feuerwehr-ibbenbueren.de\/index.php?rest_route=\/wp\/v2\/types\/post"}],"author":[{"embeddable":true,"href":"https:\/\/www.feuerwehr-ibbenbueren.de\/index.php?rest_route=\/wp\/v2\/users\/7"}],"replies":[{"embeddable":true,"href":"https:\/\/www.feuerwehr-ibbenbueren.de\/index.php?rest_route=%2Fwp%2Fv2%2Fcomments&post=14649"}],"version-history":[{"count":2,"href":"https:\/\/www.feuerwehr-ibbenbueren.de\/index.php?rest_route=\/wp\/v2\/posts\/14649\/revisions"}],"predecessor-version":[{"id":14652,"href":"https:\/\/www.feuerwehr-ibbenbueren.de\/index.php?rest_route=\/wp\/v2\/posts\/14649\/revisions\/14652"}],"wp:featuredmedia":[{"embeddable":true,"href":"https:\/\/www.feuerwehr-ibbenbueren.de\/index.php?rest_route=\/wp\/v2\/media\/1831"}],"wp:attachment":[{"href":"https:\/\/www.feuerwehr-ibbenbueren.de\/index.php?rest_route=%2Fwp%2Fv2%2Fmedia&parent=14649"}],"wp:term":[{"taxonomy":"category","embeddable":true,"href":"https:\/\/www.feuerwehr-ibbenbueren.de\/index.php?rest_route=%2Fwp%2Fv2%2Fcategories&post=14649"},{"taxonomy":"post_tag","embeddable":true,"href":"https:\/\/www.feuerwehr-ibbenbueren.de\/index.php?rest_route=%2Fwp%2Fv2%2Ftags&post=14649"}],"curies":[{"name":"wp","href":"https:\/\/api.w.org\/{rel}","templated":true}]}}