{"id":15995,"date":"2019-02-06T18:15:54","date_gmt":"2019-02-06T17:15:54","guid":{"rendered":"https:\/\/www.feuerwehr-ibbenbueren.de\/?p=15995"},"modified":"2019-02-07T07:51:11","modified_gmt":"2019-02-07T06:51:11","slug":"amtshilfe-copy-copy-copy-2-copy-3-copy-copy-copy-2-copy-copy-2-copy-copy-copy-copy-2-copy-2-copy-copy-2-copy-copy-copy-copy-copy-2-copy-copy-copy-3-copy-copy-copy","status":"publish","type":"post","link":"https:\/\/www.feuerwehr-ibbenbueren.de\/?p=15995","title":{"rendered":"PKW-Brand"},"content":{"rendered":"<p><strong>Einsatzbericht:<\/strong>\u00a0Der Dienstbetrieb wurde zu einem PKW-Brand an der Oststra\u00dfe alarmiert. <!--more--><\/p>\n<p>Beim Eintreffen der Einsatzkr\u00e4fte brannte ein PKW auf einem Parkplatz in voller Ausdehnung. Durch den schnellen Einsatz der Feuerwehr Ibbenb\u00fcren konnte ein weiteres Fahrzeug (gasbetrieben) aus den Gefahrenbereich geschoben werden.<\/p>\n<p>Durch den Einsatz eines Trupps unter PA mit einem C-Rohr konnte der Brand gel\u00f6scht werden. Einzelne Glutnester in einer Koniferenhecke wurden abgel\u00f6scht und der weggeschobene PKW wurde gek\u00fchlt.<\/p>\n<p>Die Einsatzstelle wurde der Polizei \u00fcbergeben.<\/p>\n\n\t\t<div id='gallery-1' class='gallery galleryid-15995 gallery-columns-4 gallery-size-thumbnail gallery1'><script type=\"text\/javascript\">\r\n\/\/ <![CDATA[\r\n\tjQuery(document).ready(function () {\r\n\t\tjQuery(\".gallery1 a\").attr(\"rel\",\"gallery1\");\t\r\n\t\tjQuery('a[rel=\"gallery1\"]').colorbox({maxWidth:\"95%\", maxHeight:\"95%\",title: function(){ return jQuery(this).children().attr(\"alt\"); }, });\r\n\t});\r\n\/\/ ]]>\r\n<\/script>\n<dl class=\"gallery-item\">\n<dt class=\"gallery-icon\">\r\n<a href=\"https:\/\/www.feuerwehr-ibbenbueren.de\/wp-content\/uploads\/2019\/02\/2019-02-06-PKW-Brand-Oststra\u00dfe-2.jpg\" title=\"\" rel=\"gallery1\"><img loading=\"lazy\" decoding=\"async\" src=\"https:\/\/www.feuerwehr-ibbenbueren.de\/wp-content\/uploads\/2019\/02\/2019-02-06-PKW-Brand-Oststra\u00dfe-2-150x150.jpg\" width=\"150\" height=\"150\" alt=\"\" \/><\/a>\r\n<\/dt><\/dl><dl class=\"gallery-item\">\n<dt class=\"gallery-icon\">\r\n<a href=\"https:\/\/www.feuerwehr-ibbenbueren.de\/wp-content\/uploads\/2019\/02\/2019-02-06-PKW-Brand-Oststra\u00dfe-6.jpg\" title=\"\" rel=\"gallery1\"><img loading=\"lazy\" decoding=\"async\" src=\"https:\/\/www.feuerwehr-ibbenbueren.de\/wp-content\/uploads\/2019\/02\/2019-02-06-PKW-Brand-Oststra\u00dfe-6-150x150.jpg\" width=\"150\" height=\"150\" alt=\"\" \/><\/a>\r\n<\/dt><\/dl><dl class=\"gallery-item\">\n<dt class=\"gallery-icon\">\r\n<a href=\"https:\/\/www.feuerwehr-ibbenbueren.de\/wp-content\/uploads\/2019\/02\/2019-02-06-PKW-Brand-Oststra\u00dfe-5.jpg\" title=\"\" rel=\"gallery1\"><img loading=\"lazy\" decoding=\"async\" src=\"https:\/\/www.feuerwehr-ibbenbueren.de\/wp-content\/uploads\/2019\/02\/2019-02-06-PKW-Brand-Oststra\u00dfe-5-150x150.jpg\" width=\"150\" height=\"150\" alt=\"\" \/><\/a>\r\n<\/dt><\/dl><dl class=\"gallery-item\">\n<dt class=\"gallery-icon\">\r\n<a href=\"https:\/\/www.feuerwehr-ibbenbueren.de\/wp-content\/uploads\/2019\/02\/2019-02-06-PKW-Brand-Oststra\u00dfe-1.jpg\" title=\"\" rel=\"gallery1\"><img loading=\"lazy\" decoding=\"async\" src=\"https:\/\/www.feuerwehr-ibbenbueren.de\/wp-content\/uploads\/2019\/02\/2019-02-06-PKW-Brand-Oststra\u00dfe-1-150x150.jpg\" width=\"150\" height=\"150\" alt=\"\" \/><\/a>\r\n<\/dt><\/dl><br style=\"clear: both\" \/><dl class=\"gallery-item\">\n<dt class=\"gallery-icon\">\r\n<a href=\"https:\/\/www.feuerwehr-ibbenbueren.de\/wp-content\/uploads\/2019\/02\/2019-02-06-PKW-Brand-Oststra\u00dfe-3.jpg\" title=\"\" rel=\"gallery1\"><img loading=\"lazy\" decoding=\"async\" src=\"https:\/\/www.feuerwehr-ibbenbueren.de\/wp-content\/uploads\/2019\/02\/2019-02-06-PKW-Brand-Oststra\u00dfe-3-150x150.jpg\" width=\"150\" height=\"150\" alt=\"\" \/><\/a>\r\n<\/dt><\/dl><dl class=\"gallery-item\">\n<dt class=\"gallery-icon\">\r\n<a href=\"https:\/\/www.feuerwehr-ibbenbueren.de\/wp-content\/uploads\/2019\/02\/2019-02-06-PKW-Brand-Oststra\u00dfe-4.jpg\" title=\"\" rel=\"gallery1\"><img loading=\"lazy\" decoding=\"async\" src=\"https:\/\/www.feuerwehr-ibbenbueren.de\/wp-content\/uploads\/2019\/02\/2019-02-06-PKW-Brand-Oststra\u00dfe-4-150x150.jpg\" width=\"150\" height=\"150\" alt=\"\" \/><\/a>\r\n<\/dt><\/dl>\r\n\t\t\t<br style='clear: both' \/>\r\n\t\t<\/div>\n\n","protected":false},"excerpt":{"rendered":"<p>Einsatzbericht:\u00a0Der Dienstbetrieb wurde zu einem PKW-Brand an der Oststra\u00dfe alarmiert.<\/p>\n","protected":false},"author":7,"featured_media":15998,"comment_status":"open","ping_status":"open","sticky":false,"template":"","format":"standard","meta":{"footnotes":""},"categories":[10,5],"tags":[71,334],"class_list":["post-15995","post","type-post","status-publish","format-standard","has-post-thumbnail","hentry","category-alle-beitraege","category-einsaetze","tag-feuer","tag-nur-dienstbetrieb-2019"],"_links":{"self":[{"href":"https:\/\/www.feuerwehr-ibbenbueren.de\/index.php?rest_route=\/wp\/v2\/posts\/15995","targetHints":{"allow":["GET"]}}],"collection":[{"href":"https:\/\/www.feuerwehr-ibbenbueren.de\/index.php?rest_route=\/wp\/v2\/posts"}],"about":[{"href":"https:\/\/www.feuerwehr-ibbenbueren.de\/index.php?rest_route=\/wp\/v2\/types\/post"}],"author":[{"embeddable":true,"href":"https:\/\/www.feuerwehr-ibbenbueren.de\/index.php?rest_route=\/wp\/v2\/users\/7"}],"replies":[{"embeddable":true,"href":"https:\/\/www.feuerwehr-ibbenbueren.de\/index.php?rest_route=%2Fwp%2Fv2%2Fcomments&post=15995"}],"version-history":[{"count":4,"href":"https:\/\/www.feuerwehr-ibbenbueren.de\/index.php?rest_route=\/wp\/v2\/posts\/15995\/revisions"}],"predecessor-version":[{"id":16005,"href":"https:\/\/www.feuerwehr-ibbenbueren.de\/index.php?rest_route=\/wp\/v2\/posts\/15995\/revisions\/16005"}],"wp:featuredmedia":[{"embeddable":true,"href":"https:\/\/www.feuerwehr-ibbenbueren.de\/index.php?rest_route=\/wp\/v2\/media\/15998"}],"wp:attachment":[{"href":"https:\/\/www.feuerwehr-ibbenbueren.de\/index.php?rest_route=%2Fwp%2Fv2%2Fmedia&parent=15995"}],"wp:term":[{"taxonomy":"category","embeddable":true,"href":"https:\/\/www.feuerwehr-ibbenbueren.de\/index.php?rest_route=%2Fwp%2Fv2%2Fcategories&post=15995"},{"taxonomy":"post_tag","embeddable":true,"href":"https:\/\/www.feuerwehr-ibbenbueren.de\/index.php?rest_route=%2Fwp%2Fv2%2Ftags&post=15995"}],"curies":[{"name":"wp","href":"https:\/\/api.w.org\/{rel}","templated":true}]}}