{"id":17593,"date":"2019-06-21T22:57:38","date_gmt":"2019-06-21T20:57:38","guid":{"rendered":"https:\/\/www.feuerwehr-ibbenbueren.de\/?p=17593"},"modified":"2019-06-22T15:40:51","modified_gmt":"2019-06-22T13:40:51","slug":"betriebsstoffe-aufnehmen-2-2-2-2-4-2-2-2-2-2-2-4-2-2-5-2-2-4-3-2-2-2-2-2-2-2-2-2-3-copy-2-copy-3-copy-3-copy-2-copy-copy-2-copy-copy-copy-copy-copy-2-copy-copy-2-copy-copy-copy-2-copy-copy-copy-cop-16","status":"publish","type":"post","link":"https:\/\/www.feuerwehr-ibbenbueren.de\/?p=17593","title":{"rendered":"TH-klein"},"content":{"rendered":"<p><strong>Einsatzbericht: <\/strong>Der Dienstbetrieb wurde zu &#8222;\u00d6l auf Stra\u00dfe&#8220;\u00a0 alarmiert.<br \/>\n<!--more--><br \/>\nEine Dieselspur von ca. 200 Metern wurde von der Feuerwehr abgestreut. Einsatzstelle der Polizei \u00fcbergeben, die auch den Stra\u00dfenbaulasttr\u00e4ger verst\u00e4ndigt hat.<\/p>\n<p>&nbsp;<\/p>\n","protected":false},"excerpt":{"rendered":"<p>Einsatzbericht: Der Dienstbetrieb wurde zu &#8222;\u00d6l auf Stra\u00dfe&#8220;\u00a0 alarmiert.<\/p>\n","protected":false},"author":8,"featured_media":1829,"comment_status":"open","ping_status":"open","sticky":false,"template":"","format":"standard","meta":{"footnotes":""},"categories":[10,5],"tags":[334,80,73],"class_list":["post-17593","post","type-post","status-publish","format-standard","has-post-thumbnail","hentry","category-alle-beitraege","category-einsaetze","tag-nur-dienstbetrieb-2019","tag-oel","tag-th"],"_links":{"self":[{"href":"https:\/\/www.feuerwehr-ibbenbueren.de\/index.php?rest_route=\/wp\/v2\/posts\/17593","targetHints":{"allow":["GET"]}}],"collection":[{"href":"https:\/\/www.feuerwehr-ibbenbueren.de\/index.php?rest_route=\/wp\/v2\/posts"}],"about":[{"href":"https:\/\/www.feuerwehr-ibbenbueren.de\/index.php?rest_route=\/wp\/v2\/types\/post"}],"author":[{"embeddable":true,"href":"https:\/\/www.feuerwehr-ibbenbueren.de\/index.php?rest_route=\/wp\/v2\/users\/8"}],"replies":[{"embeddable":true,"href":"https:\/\/www.feuerwehr-ibbenbueren.de\/index.php?rest_route=%2Fwp%2Fv2%2Fcomments&post=17593"}],"version-history":[{"count":4,"href":"https:\/\/www.feuerwehr-ibbenbueren.de\/index.php?rest_route=\/wp\/v2\/posts\/17593\/revisions"}],"predecessor-version":[{"id":17597,"href":"https:\/\/www.feuerwehr-ibbenbueren.de\/index.php?rest_route=\/wp\/v2\/posts\/17593\/revisions\/17597"}],"wp:featuredmedia":[{"embeddable":true,"href":"https:\/\/www.feuerwehr-ibbenbueren.de\/index.php?rest_route=\/wp\/v2\/media\/1829"}],"wp:attachment":[{"href":"https:\/\/www.feuerwehr-ibbenbueren.de\/index.php?rest_route=%2Fwp%2Fv2%2Fmedia&parent=17593"}],"wp:term":[{"taxonomy":"category","embeddable":true,"href":"https:\/\/www.feuerwehr-ibbenbueren.de\/index.php?rest_route=%2Fwp%2Fv2%2Fcategories&post=17593"},{"taxonomy":"post_tag","embeddable":true,"href":"https:\/\/www.feuerwehr-ibbenbueren.de\/index.php?rest_route=%2Fwp%2Fv2%2Ftags&post=17593"}],"curies":[{"name":"wp","href":"https:\/\/api.w.org\/{rel}","templated":true}]}}