{"id":17609,"date":"2019-07-19T10:39:50","date_gmt":"2019-07-19T08:39:50","guid":{"rendered":"https:\/\/www.feuerwehr-ibbenbueren.de\/?p=17609"},"modified":"2019-07-22T16:58:14","modified_gmt":"2019-07-22T14:58:14","slug":"ferienfreizeit-doerenthe2015-2-2-2-2-2-2-2-3-copy-copy-copy-copy-copy-copy-copy-copy-copy-copy-copy-copy-copy-copy-copy-copy-copy-3-copy-copy-copy","status":"publish","type":"post","link":"https:\/\/www.feuerwehr-ibbenbueren.de\/?p=17609","title":{"rendered":"Hitzewelle: \u201eAchten Sie auf sich und Ihre Umwelt!\u201c"},"content":{"rendered":"<p class=\"western\"><b><span style=\"font-size: medium;\">Berlin <\/span><\/b><span style=\"font-family: Arial,Arial; font-size: medium;\">\u2013 <\/span>Deutscher Feuerwehrverband gibt Sicherheitstipps: \u00c4ltere und Kinder gef\u00e4hrdet! \u201eTemperaturen weit \u00fcber 35 Grad, Waldbrandgefahr sowie eine hohe Belastung f\u00fcr Mensch und Tier:<\/p>\n<p><!--more--><\/p>\n<p class=\"western\">Passen Sie auf sich und Ihre Umwelt auf!\u201c, appelliert Hermann Schreck, Vizepr\u00e4sident des Deutschen Feuerwehrverbandes (DFV), angesichts der aktuellen Wettersituation. Er gibt sieben Tipps zu den gr\u00f6\u00dften Gefahren bei Hitze.<\/p>\n<ul>\n<li>Besonders gef\u00e4hrdet durch die hei\u00dfen Tage sind \u00e4ltere Menschen und Kinder: Achten Sie auf Ihre Mitmenschen, die nicht selbst f\u00fcr sich sorgen k\u00f6nnen!<\/li>\n<li>Lassen Sie weder Menschen noch Tiere in abgestellten Fahrzeugen eingeschlossen \u2013 auch nicht \u201ef\u00fcr kurze Zeit\u201c!<\/li>\n<li>Die t\u00e4gliche Trinkmenge sollte bei gesunden Menschen mindestens drei Liter betragen. Feuerwehrkr\u00e4fte im Atemschutzeinsatz sollten mindestens eineinhalb weitere Liter trinken.<\/li>\n<li>Vermeiden Sie m\u00f6glichst pralle Sonne; verlegen Sie Aktivit\u00e4ten im Freien auf die fr\u00fchen Morgen- oder sp\u00e4ten Abendstunden.<\/li>\n<li>Grillen Sie in der Natur nur auf daf\u00fcr ausgewiesenen Pl\u00e4tzen. Respektieren Sie Verbote (zum Beispiel in Waldbrand gef\u00e4hrdeten Gebieten) und werfen Sie keine brennenden Zigaretten weg.<\/li>\n<li>Achten Sie bei Aktivit\u00e4ten im Freien auf die Witterung. Informationen k\u00f6nnen hier auch Warn-Apps f\u00fcr Mobiltelefone bieten.<\/li>\n<li>Melden Sie Br\u00e4nde sofort unter der europaweiten Notrufnummer 112.<\/li>\n<\/ul>\n<p>Quelle: Deutscher Feuerwehrverband (Pressedienst)<\/p>\n<p>&nbsp;<\/p>\n<p>&nbsp;<\/p>\n","protected":false},"excerpt":{"rendered":"<p>Berlin \u2013 Deutscher Feuerwehrverband gibt Sicherheitstipps: \u00c4ltere und Kinder gef\u00e4hrdet! \u201eTemperaturen weit \u00fcber 35 Grad, Waldbrandgefahr sowie eine hohe Belastung f\u00fcr Mensch und Tier:<\/p>\n","protected":false},"author":3,"featured_media":14210,"comment_status":"closed","ping_status":"closed","sticky":false,"template":"","format":"standard","meta":{"footnotes":""},"categories":[10,8,6],"tags":[309,354,119,355],"class_list":["post-17609","post","type-post","status-publish","format-standard","has-post-thumbnail","hentry","category-alle-beitraege","category-information","category-veranstaltungen","tag-deutscher-feuerwehrverband","tag-hitze","tag-information","tag-waerme"],"_links":{"self":[{"href":"https:\/\/www.feuerwehr-ibbenbueren.de\/index.php?rest_route=\/wp\/v2\/posts\/17609","targetHints":{"allow":["GET"]}}],"collection":[{"href":"https:\/\/www.feuerwehr-ibbenbueren.de\/index.php?rest_route=\/wp\/v2\/posts"}],"about":[{"href":"https:\/\/www.feuerwehr-ibbenbueren.de\/index.php?rest_route=\/wp\/v2\/types\/post"}],"author":[{"embeddable":true,"href":"https:\/\/www.feuerwehr-ibbenbueren.de\/index.php?rest_route=\/wp\/v2\/users\/3"}],"replies":[{"embeddable":true,"href":"https:\/\/www.feuerwehr-ibbenbueren.de\/index.php?rest_route=%2Fwp%2Fv2%2Fcomments&post=17609"}],"version-history":[{"count":2,"href":"https:\/\/www.feuerwehr-ibbenbueren.de\/index.php?rest_route=\/wp\/v2\/posts\/17609\/revisions"}],"predecessor-version":[{"id":17611,"href":"https:\/\/www.feuerwehr-ibbenbueren.de\/index.php?rest_route=\/wp\/v2\/posts\/17609\/revisions\/17611"}],"wp:featuredmedia":[{"embeddable":true,"href":"https:\/\/www.feuerwehr-ibbenbueren.de\/index.php?rest_route=\/wp\/v2\/media\/14210"}],"wp:attachment":[{"href":"https:\/\/www.feuerwehr-ibbenbueren.de\/index.php?rest_route=%2Fwp%2Fv2%2Fmedia&parent=17609"}],"wp:term":[{"taxonomy":"category","embeddable":true,"href":"https:\/\/www.feuerwehr-ibbenbueren.de\/index.php?rest_route=%2Fwp%2Fv2%2Fcategories&post=17609"},{"taxonomy":"post_tag","embeddable":true,"href":"https:\/\/www.feuerwehr-ibbenbueren.de\/index.php?rest_route=%2Fwp%2Fv2%2Ftags&post=17609"}],"curies":[{"name":"wp","href":"https:\/\/api.w.org\/{rel}","templated":true}]}}