{"id":18598,"date":"2019-10-02T00:26:45","date_gmt":"2019-10-01T22:26:45","guid":{"rendered":"https:\/\/www.feuerwehr-ibbenbueren.de\/?p=18598"},"modified":"2019-10-02T02:58:32","modified_gmt":"2019-10-02T00:58:32","slug":"betriebsstoffe-aufnehmen-2-2-2-2-4-2-2-2-2-2-2-4-2-2-5-2-2-4-3-2-2-2-2-2-2-2-2-2-3-copy-2-copy-copy-copy-copy-copy-copy-copy-2-copy-copy-2-copy-copy-copy-2-copy-3-copy-copy-2-copy-copy-3-copy-copy-35","status":"publish","type":"post","link":"https:\/\/www.feuerwehr-ibbenbueren.de\/?p=18598","title":{"rendered":"TH &#8211; Wasser im Keller"},"content":{"rendered":"<p><strong>Einsatzbericht:\u00a0<\/strong>Der Dienstbetrieb und die L\u00f6schz\u00fcge Stadtmitte 1 und 2 wurden zu einer technischen Hilfeleistung gerufen.<!--more--><\/p>\n<p>Haupts\u00e4chlich war es im Bereich der Breslauer Stra\u00dfe aufgrund von erh\u00f6htem Niederschlag zu mehreren vollgelaufenen Kellern gekommen.<\/p>\n<p>Nach der Lageerkundung und den ersten Ma\u00dfnahmen wurden die L\u00f6schz\u00fcge Stadtmitte 1 und 2 nachalarmiert, um die hauptamtlichen Kr\u00e4fte zu unterst\u00fctzen.<\/p>\n<p>Im Bereich der Breslauer Stra\u00dfe wurden durch das HLF 20-1 und das LF 10-1 mehrere Keller mittels Tauchpumpe leergepumpt.<\/p>\n<p>Das HLF 20-2 r\u00fcckte zur Sauerlandstra\u00dfe aus und pumpte dort einen vollgelaufenen Keller leer.<\/p>\n<p>Die Stadtentw\u00e4sserung wurde informiert und der Bereitschaftsdienst r\u00fcckte aus.<\/p>\n<p>Nachdem der Wasserstand in den betroffenen Kanalisationen sank, konnten die Ma\u00dfnahmen der Feuerwehr abgeschlossen werden.<\/p>\n<p>Die einzelnen Einsatzstellen wurden den Eigent\u00fcmern \u00fcbergeben.<\/p>\n","protected":false},"excerpt":{"rendered":"<p>Einsatzbericht:\u00a0Der Dienstbetrieb und die L\u00f6schz\u00fcge Stadtmitte 1 und 2 wurden zu einer technischen Hilfeleistung gerufen.<\/p>\n","protected":false},"author":2,"featured_media":3024,"comment_status":"open","ping_status":"open","sticky":false,"template":"","format":"standard","meta":{"footnotes":""},"categories":[10,5],"tags":[335,337,336,207],"class_list":["post-18598","post","type-post","status-publish","format-standard","has-post-thumbnail","hentry","category-alle-beitraege","category-einsaetze","tag-dienstbetrieb-2019","tag-stadtmitte-1-2019","tag-stadtmitte-2-2019","tag-wasser"],"_links":{"self":[{"href":"https:\/\/www.feuerwehr-ibbenbueren.de\/index.php?rest_route=\/wp\/v2\/posts\/18598","targetHints":{"allow":["GET"]}}],"collection":[{"href":"https:\/\/www.feuerwehr-ibbenbueren.de\/index.php?rest_route=\/wp\/v2\/posts"}],"about":[{"href":"https:\/\/www.feuerwehr-ibbenbueren.de\/index.php?rest_route=\/wp\/v2\/types\/post"}],"author":[{"embeddable":true,"href":"https:\/\/www.feuerwehr-ibbenbueren.de\/index.php?rest_route=\/wp\/v2\/users\/2"}],"replies":[{"embeddable":true,"href":"https:\/\/www.feuerwehr-ibbenbueren.de\/index.php?rest_route=%2Fwp%2Fv2%2Fcomments&post=18598"}],"version-history":[{"count":3,"href":"https:\/\/www.feuerwehr-ibbenbueren.de\/index.php?rest_route=\/wp\/v2\/posts\/18598\/revisions"}],"predecessor-version":[{"id":18601,"href":"https:\/\/www.feuerwehr-ibbenbueren.de\/index.php?rest_route=\/wp\/v2\/posts\/18598\/revisions\/18601"}],"wp:featuredmedia":[{"embeddable":true,"href":"https:\/\/www.feuerwehr-ibbenbueren.de\/index.php?rest_route=\/wp\/v2\/media\/3024"}],"wp:attachment":[{"href":"https:\/\/www.feuerwehr-ibbenbueren.de\/index.php?rest_route=%2Fwp%2Fv2%2Fmedia&parent=18598"}],"wp:term":[{"taxonomy":"category","embeddable":true,"href":"https:\/\/www.feuerwehr-ibbenbueren.de\/index.php?rest_route=%2Fwp%2Fv2%2Fcategories&post=18598"},{"taxonomy":"post_tag","embeddable":true,"href":"https:\/\/www.feuerwehr-ibbenbueren.de\/index.php?rest_route=%2Fwp%2Fv2%2Ftags&post=18598"}],"curies":[{"name":"wp","href":"https:\/\/api.w.org\/{rel}","templated":true}]}}