{"id":18953,"date":"2019-10-31T10:00:27","date_gmt":"2019-10-31T09:00:27","guid":{"rendered":"https:\/\/www.feuerwehr-ibbenbueren.de\/?p=18953"},"modified":"2023-09-19T20:26:24","modified_gmt":"2023-09-19T18:26:24","slug":"betriebsstoffe-aufnehmen-2-2-2-2-4-2-2-2-2-2-2-4-2-2-5-2-2-4-3-2-2-2-2-2-2-2-2-2-3-copy-copy-2-copy-copy-2-copy-2-copy-2-copy-copy-copy-copy-copy-copy-3-copy-copy-copy-copy-copy-2-copy-2-copy-copy-1-2","status":"publish","type":"post","link":"https:\/\/www.feuerwehr-ibbenbueren.de\/?p=18953","title":{"rendered":"Tagebuch Neubau Ger\u00e4tehaus Laggenbeck: Abriss"},"content":{"rendered":"<p><strong>Einsatzbericht: <\/strong>Am fr\u00fchen Mittwochmorgen war es so weit. Der Abriss der Fahrzeughalle am Laggenbecker Ger\u00e4tehaus startete. <!--more-->Ein Abrissbagger machte sich daran das Geb\u00e4ude St\u00fcck f\u00fcr St\u00fcck abzutragen. Vielen Kameradinnen und Kameraden beobachteten den Abriss der &#8222;alten Heimat&#8220; des L\u00f6schzuges Laggenbeck.<\/p>\n<p>Nach und nach verschwand die alte Fahrzeughalle. Die \u00dcberreste wurden direkt mit mehreren Lkw abtransportiert. Am fr\u00fchen Nachmittag war das Geb\u00e4ude bis auf die Fundamente abgetragen. In den Folgetagen werden auch diese verschwinden und Platz schaffen f\u00fcr den Neubau des Feuerwehrger\u00e4tehauses.<\/p>\n<p>Der Abriss der Fahrzeughalle wurde durch den L\u00f6schzug Laggenbeck in den Vorwochen, in Eigenleistung, vorbereitet. So wurden durch die Kameradinnen und Kameraden Versorgungsleitungen f\u00fcr elektrischen Strom und Wasser aus der Fahrzeughalle entfernt. Das B\u00fcro, welches sich auch in der alten Fahrzeughalle befand, wurde vollst\u00e4ndig entkernt. Auch die vor einigen Jahren eingebauten Fenster auf der R\u00fcckseite der Fahrzeughalle wurden wieder demontiert.<\/p>\n<p>Durch das Abrissunternehmen werden in den n\u00e4chsten Wochen noch Teile der Heizung demontiert und W\u00e4nde im Inneren des Geb\u00e4udes entfernt.<\/p>\n<p><a href=\"https:\/\/www.ivz-aktuell.de\/Lokales\/7605142\/Der-Abrissbagger-ist-da\" target=\"_blank\" rel=\"noopener noreferrer\">Onlinebericht auf ivz-aktuell (nur f\u00fcr Abonnenten)<\/a><\/p>\n<p><a href=\"https:\/\/www.feuerwehr-ibbenbueren.de\/?p=20450\">Bericht zum n\u00e4chsten Bauabschnitt<\/a><\/p>\n\n\t\t<div id='gallery-1' class='gallery galleryid-18953 gallery-columns-4 gallery-size-thumbnail gallery1'><script type=\"text\/javascript\">\r\n\/\/ <![CDATA[\r\n\tjQuery(document).ready(function () {\r\n\t\tjQuery(\".gallery1 a\").attr(\"rel\",\"gallery1\");\t\r\n\t\tjQuery('a[rel=\"gallery1\"]').colorbox({maxWidth:\"95%\", maxHeight:\"95%\",title: function(){ return jQuery(this).children().attr(\"alt\"); }, });\r\n\t});\r\n\/\/ ]]>\r\n<\/script>\n<dl class=\"gallery-item\">\n<dt class=\"gallery-icon\">\r\n<a href=\"https:\/\/www.feuerwehr-ibbenbueren.de\/wp-content\/uploads\/2019\/11\/LA_NBG_AB_01.jpg\" title=\"\" rel=\"gallery1\"><img loading=\"lazy\" decoding=\"async\" src=\"https:\/\/www.feuerwehr-ibbenbueren.de\/wp-content\/uploads\/2019\/11\/LA_NBG_AB_01-150x150.jpg\" width=\"150\" height=\"150\" alt=\"\" \/><\/a>\r\n<\/dt><\/dl><dl class=\"gallery-item\">\n<dt class=\"gallery-icon\">\r\n<a href=\"https:\/\/www.feuerwehr-ibbenbueren.de\/wp-content\/uploads\/2019\/11\/LA_NBG_AB_02.jpg\" title=\"\" rel=\"gallery1\"><img loading=\"lazy\" decoding=\"async\" src=\"https:\/\/www.feuerwehr-ibbenbueren.de\/wp-content\/uploads\/2019\/11\/LA_NBG_AB_02-150x150.jpg\" width=\"150\" height=\"150\" alt=\"\" \/><\/a>\r\n<\/dt><\/dl><dl class=\"gallery-item\">\n<dt class=\"gallery-icon\">\r\n<a href=\"https:\/\/www.feuerwehr-ibbenbueren.de\/wp-content\/uploads\/2019\/11\/LA_NBG_AB_03.jpg\" title=\"\" rel=\"gallery1\"><img loading=\"lazy\" decoding=\"async\" src=\"https:\/\/www.feuerwehr-ibbenbueren.de\/wp-content\/uploads\/2019\/11\/LA_NBG_AB_03-150x150.jpg\" width=\"150\" height=\"150\" alt=\"\" \/><\/a>\r\n<\/dt><\/dl><dl class=\"gallery-item\">\n<dt class=\"gallery-icon\">\r\n<a href=\"https:\/\/www.feuerwehr-ibbenbueren.de\/wp-content\/uploads\/2019\/11\/LA_NBG_AB_04.jpg\" title=\"\" rel=\"gallery1\"><img loading=\"lazy\" decoding=\"async\" src=\"https:\/\/www.feuerwehr-ibbenbueren.de\/wp-content\/uploads\/2019\/11\/LA_NBG_AB_04-150x150.jpg\" width=\"150\" height=\"150\" alt=\"\" \/><\/a>\r\n<\/dt><\/dl><br style=\"clear: both\" \/><dl class=\"gallery-item\">\n<dt class=\"gallery-icon\">\r\n<a href=\"https:\/\/www.feuerwehr-ibbenbueren.de\/wp-content\/uploads\/2019\/11\/LA_NBG_AB_05.jpg\" title=\"\" rel=\"gallery1\"><img loading=\"lazy\" decoding=\"async\" src=\"https:\/\/www.feuerwehr-ibbenbueren.de\/wp-content\/uploads\/2019\/11\/LA_NBG_AB_05-150x150.jpg\" width=\"150\" height=\"150\" alt=\"\" \/><\/a>\r\n<\/dt><\/dl><dl class=\"gallery-item\">\n<dt class=\"gallery-icon\">\r\n<a href=\"https:\/\/www.feuerwehr-ibbenbueren.de\/wp-content\/uploads\/2019\/11\/LA_NBG_AB_06.jpg\" title=\"\" rel=\"gallery1\"><img loading=\"lazy\" decoding=\"async\" src=\"https:\/\/www.feuerwehr-ibbenbueren.de\/wp-content\/uploads\/2019\/11\/LA_NBG_AB_06-150x150.jpg\" width=\"150\" height=\"150\" alt=\"\" \/><\/a>\r\n<\/dt><\/dl><dl class=\"gallery-item\">\n<dt class=\"gallery-icon\">\r\n<a href=\"https:\/\/www.feuerwehr-ibbenbueren.de\/wp-content\/uploads\/2019\/11\/LA_NBG_AB_07.jpg\" title=\"\" rel=\"gallery1\"><img loading=\"lazy\" decoding=\"async\" src=\"https:\/\/www.feuerwehr-ibbenbueren.de\/wp-content\/uploads\/2019\/11\/LA_NBG_AB_07-150x150.jpg\" width=\"150\" height=\"150\" alt=\"\" \/><\/a>\r\n<\/dt><\/dl><dl class=\"gallery-item\">\n<dt class=\"gallery-icon\">\r\n<a href=\"https:\/\/www.feuerwehr-ibbenbueren.de\/wp-content\/uploads\/2019\/11\/LA_NBG_AB_08.jpg\" title=\"\" rel=\"gallery1\"><img loading=\"lazy\" decoding=\"async\" src=\"https:\/\/www.feuerwehr-ibbenbueren.de\/wp-content\/uploads\/2019\/11\/LA_NBG_AB_08-150x150.jpg\" width=\"150\" height=\"150\" alt=\"\" \/><\/a>\r\n<\/dt><\/dl><br style=\"clear: both\" \/><dl class=\"gallery-item\">\n<dt class=\"gallery-icon\">\r\n<a href=\"https:\/\/www.feuerwehr-ibbenbueren.de\/wp-content\/uploads\/2019\/11\/LA_NBG_AB_09.jpg\" title=\"\" rel=\"gallery1\"><img loading=\"lazy\" decoding=\"async\" src=\"https:\/\/www.feuerwehr-ibbenbueren.de\/wp-content\/uploads\/2019\/11\/LA_NBG_AB_09-150x150.jpg\" width=\"150\" height=\"150\" alt=\"\" \/><\/a>\r\n<\/dt><\/dl><dl class=\"gallery-item\">\n<dt class=\"gallery-icon\">\r\n<a href=\"https:\/\/www.feuerwehr-ibbenbueren.de\/wp-content\/uploads\/2019\/11\/LA_NBG_AB_10.jpg\" title=\"\" rel=\"gallery1\"><img loading=\"lazy\" decoding=\"async\" src=\"https:\/\/www.feuerwehr-ibbenbueren.de\/wp-content\/uploads\/2019\/11\/LA_NBG_AB_10-150x150.jpg\" width=\"150\" height=\"150\" alt=\"\" \/><\/a>\r\n<\/dt><\/dl><dl class=\"gallery-item\">\n<dt class=\"gallery-icon\">\r\n<a href=\"https:\/\/www.feuerwehr-ibbenbueren.de\/wp-content\/uploads\/2019\/11\/LA_NBG_AB_11.jpg\" title=\"\" rel=\"gallery1\"><img loading=\"lazy\" decoding=\"async\" src=\"https:\/\/www.feuerwehr-ibbenbueren.de\/wp-content\/uploads\/2019\/11\/LA_NBG_AB_11-150x150.jpg\" width=\"150\" height=\"150\" alt=\"\" \/><\/a>\r\n<\/dt><\/dl><dl class=\"gallery-item\">\n<dt class=\"gallery-icon\">\r\n<a href=\"https:\/\/www.feuerwehr-ibbenbueren.de\/wp-content\/uploads\/2019\/11\/LA_NBG_AB_12.jpg\" title=\"\" rel=\"gallery1\"><img loading=\"lazy\" decoding=\"async\" src=\"https:\/\/www.feuerwehr-ibbenbueren.de\/wp-content\/uploads\/2019\/11\/LA_NBG_AB_12-150x150.jpg\" width=\"150\" height=\"150\" alt=\"\" \/><\/a>\r\n<\/dt><\/dl><br style=\"clear: both\" \/><dl class=\"gallery-item\">\n<dt class=\"gallery-icon\">\r\n<a href=\"https:\/\/www.feuerwehr-ibbenbueren.de\/wp-content\/uploads\/2019\/11\/LA_NBG_AB_13.jpg\" title=\"\" rel=\"gallery1\"><img loading=\"lazy\" decoding=\"async\" src=\"https:\/\/www.feuerwehr-ibbenbueren.de\/wp-content\/uploads\/2019\/11\/LA_NBG_AB_13-150x150.jpg\" width=\"150\" height=\"150\" alt=\"\" \/><\/a>\r\n<\/dt><\/dl><dl class=\"gallery-item\">\n<dt class=\"gallery-icon\">\r\n<a href=\"https:\/\/www.feuerwehr-ibbenbueren.de\/wp-content\/uploads\/2019\/11\/LA_NBG_AB_14.jpg\" title=\"\" rel=\"gallery1\"><img loading=\"lazy\" decoding=\"async\" src=\"https:\/\/www.feuerwehr-ibbenbueren.de\/wp-content\/uploads\/2019\/11\/LA_NBG_AB_14-150x150.jpg\" width=\"150\" height=\"150\" alt=\"\" \/><\/a>\r\n<\/dt><\/dl>\r\n\t\t\t<br style='clear: both' \/>\r\n\t\t<\/div>\n\n<p>&nbsp;<\/p>\n<ol>\n<li style=\"list-style-type: none;\">\n<ol>\n<li><a href=\"https:\/\/www.feuerwehr-ibbenbueren.de\/?p=18953\" target=\"_blank\" rel=\"noopener\">Bericht &#8211; Abriss<\/a><\/li>\n<li><a href=\"https:\/\/www.feuerwehr-ibbenbueren.de\/?p=20450\" target=\"_blank\" rel=\"noopener\">Bericht &#8211; Spatenstich<\/a><\/li>\n<li><a href=\"https:\/\/www.feuerwehr-ibbenbueren.de\/?p=20843\" target=\"_blank\" rel=\"noopener\">Bericht &#8211; Erste Baufortschritte<\/a><\/li>\n<li><a href=\"https:\/\/www.feuerwehr-ibbenbueren.de\/?p=21369\" target=\"_blank\" rel=\"noopener\">Bericht &#8211; Vorbereitungen Innenausbau<\/a><\/li>\n<li><a href=\"https:\/\/www.feuerwehr-ibbenbueren.de\/?p=21924\" target=\"_blank\" rel=\"noopener\">Bericht &#8211; Fahrzeughalle und Umkleide wachsen<\/a><\/li>\n<li><a href=\"https:\/\/www.feuerwehr-ibbenbueren.de\/?p=23220\" target=\"_blank\" rel=\"noopener\">Bericht &#8211; Innenausbau schreitet voran<\/a><\/li>\n<li><a href=\"https:\/\/www.feuerwehr-ibbenbueren.de\/?p=23650\" target=\"_blank\" rel=\"noopener\">Bericht &#8211; Innenausbau kurz vor dem Abschluss\u00a0<\/a><\/li>\n<li><a href=\"https:\/\/www.feuerwehr-ibbenbueren.de\/?p=32343\" target=\"_blank\" rel=\"noopener\">Bericht &#8211; Einweihungsfeier\u00a0<\/a><\/li>\n<\/ol>\n<\/li>\n<\/ol>\n","protected":false},"excerpt":{"rendered":"<p>Einsatzbericht: Am fr\u00fchen Mittwochmorgen war es so weit. Der Abriss der Fahrzeughalle am Laggenbecker Ger\u00e4tehaus startete.<\/p>\n","protected":false},"author":11,"featured_media":18957,"comment_status":"open","ping_status":"open","sticky":false,"template":"","format":"standard","meta":{"footnotes":""},"categories":[10,8,6],"tags":[368,85,338,363],"class_list":["post-18953","post","type-post","status-publish","format-standard","has-post-thumbnail","hentry","category-alle-beitraege","category-information","category-veranstaltungen","tag-abriss","tag-laggenbeck","tag-laggenbeck-2019","tag-neubau-geraetehaus-laggenbeck"],"_links":{"self":[{"href":"https:\/\/www.feuerwehr-ibbenbueren.de\/index.php?rest_route=\/wp\/v2\/posts\/18953","targetHints":{"allow":["GET"]}}],"collection":[{"href":"https:\/\/www.feuerwehr-ibbenbueren.de\/index.php?rest_route=\/wp\/v2\/posts"}],"about":[{"href":"https:\/\/www.feuerwehr-ibbenbueren.de\/index.php?rest_route=\/wp\/v2\/types\/post"}],"author":[{"embeddable":true,"href":"https:\/\/www.feuerwehr-ibbenbueren.de\/index.php?rest_route=\/wp\/v2\/users\/11"}],"replies":[{"embeddable":true,"href":"https:\/\/www.feuerwehr-ibbenbueren.de\/index.php?rest_route=%2Fwp%2Fv2%2Fcomments&post=18953"}],"version-history":[{"count":6,"href":"https:\/\/www.feuerwehr-ibbenbueren.de\/index.php?rest_route=\/wp\/v2\/posts\/18953\/revisions"}],"predecessor-version":[{"id":32396,"href":"https:\/\/www.feuerwehr-ibbenbueren.de\/index.php?rest_route=\/wp\/v2\/posts\/18953\/revisions\/32396"}],"wp:featuredmedia":[{"embeddable":true,"href":"https:\/\/www.feuerwehr-ibbenbueren.de\/index.php?rest_route=\/wp\/v2\/media\/18957"}],"wp:attachment":[{"href":"https:\/\/www.feuerwehr-ibbenbueren.de\/index.php?rest_route=%2Fwp%2Fv2%2Fmedia&parent=18953"}],"wp:term":[{"taxonomy":"category","embeddable":true,"href":"https:\/\/www.feuerwehr-ibbenbueren.de\/index.php?rest_route=%2Fwp%2Fv2%2Fcategories&post=18953"},{"taxonomy":"post_tag","embeddable":true,"href":"https:\/\/www.feuerwehr-ibbenbueren.de\/index.php?rest_route=%2Fwp%2Fv2%2Ftags&post=18953"}],"curies":[{"name":"wp","href":"https:\/\/api.w.org\/{rel}","templated":true}]}}