{"id":19184,"date":"2019-12-01T17:45:56","date_gmt":"2019-12-01T16:45:56","guid":{"rendered":"https:\/\/www.feuerwehr-ibbenbueren.de\/?p=19184"},"modified":"2019-12-01T20:12:39","modified_gmt":"2019-12-01T19:12:39","slug":"betriebsstoffe-aufnehmen-2-2-2-2-4-2-2-2-2-2-2-4-2-2-5-2-2-4-3-2-2-2-2-2-2-2-2-2-3-copy-2-copy-4-copy-3-copy-2-copy","status":"publish","type":"post","link":"https:\/\/www.feuerwehr-ibbenbueren.de\/?p=19184","title":{"rendered":"Person hinter verschlossener T\u00fcr"},"content":{"rendered":"<p><strong>Einsatzbericht: <\/strong>Der Dienstbetrieb und der L\u00f6schzug Laggenbeck wurden am Sonntagmittag, unter dem Stichwort Person hinter verschlossener T\u00fcr, alarmiert. <!--more--><\/p>\n<p>Die T\u00fcr konnte vor Eintreffen der Feuerwehr durch den Rettungsdienst ge\u00f6ffnet werden. Keine Ma\u00dfnahmen durch die Feuerwehr.<\/p>\n","protected":false},"excerpt":{"rendered":"<p>Einsatzbericht: Der Dienstbetrieb und der L\u00f6schzug Laggenbeck wurden am Sonntagmittag, unter dem Stichwort Person hinter verschlossener T\u00fcr, alarmiert.<\/p>\n","protected":false},"author":11,"featured_media":1829,"comment_status":"open","ping_status":"open","sticky":false,"template":"","format":"standard","meta":{"footnotes":""},"categories":[10,5],"tags":[335,338,174,73],"class_list":["post-19184","post","type-post","status-publish","format-standard","has-post-thumbnail","hentry","category-alle-beitraege","category-einsaetze","tag-dienstbetrieb-2019","tag-laggenbeck-2019","tag-person-hinter-verschlossener-tuer","tag-th"],"_links":{"self":[{"href":"https:\/\/www.feuerwehr-ibbenbueren.de\/index.php?rest_route=\/wp\/v2\/posts\/19184","targetHints":{"allow":["GET"]}}],"collection":[{"href":"https:\/\/www.feuerwehr-ibbenbueren.de\/index.php?rest_route=\/wp\/v2\/posts"}],"about":[{"href":"https:\/\/www.feuerwehr-ibbenbueren.de\/index.php?rest_route=\/wp\/v2\/types\/post"}],"author":[{"embeddable":true,"href":"https:\/\/www.feuerwehr-ibbenbueren.de\/index.php?rest_route=\/wp\/v2\/users\/11"}],"replies":[{"embeddable":true,"href":"https:\/\/www.feuerwehr-ibbenbueren.de\/index.php?rest_route=%2Fwp%2Fv2%2Fcomments&post=19184"}],"version-history":[{"count":1,"href":"https:\/\/www.feuerwehr-ibbenbueren.de\/index.php?rest_route=\/wp\/v2\/posts\/19184\/revisions"}],"predecessor-version":[{"id":19185,"href":"https:\/\/www.feuerwehr-ibbenbueren.de\/index.php?rest_route=\/wp\/v2\/posts\/19184\/revisions\/19185"}],"wp:featuredmedia":[{"embeddable":true,"href":"https:\/\/www.feuerwehr-ibbenbueren.de\/index.php?rest_route=\/wp\/v2\/media\/1829"}],"wp:attachment":[{"href":"https:\/\/www.feuerwehr-ibbenbueren.de\/index.php?rest_route=%2Fwp%2Fv2%2Fmedia&parent=19184"}],"wp:term":[{"taxonomy":"category","embeddable":true,"href":"https:\/\/www.feuerwehr-ibbenbueren.de\/index.php?rest_route=%2Fwp%2Fv2%2Fcategories&post=19184"},{"taxonomy":"post_tag","embeddable":true,"href":"https:\/\/www.feuerwehr-ibbenbueren.de\/index.php?rest_route=%2Fwp%2Fv2%2Ftags&post=19184"}],"curies":[{"name":"wp","href":"https:\/\/api.w.org\/{rel}","templated":true}]}}