{"id":19492,"date":"2020-01-01T00:20:01","date_gmt":"2019-12-31T23:20:01","guid":{"rendered":"https:\/\/www.feuerwehr-ibbenbueren.de\/?p=19492"},"modified":"2020-01-01T18:43:39","modified_gmt":"2020-01-01T17:43:39","slug":"kleinbrand-2-2-4-3-3-2-2-2-copy-copy-2-copy-2-copy-2-copy-copy-copy-3-copy-copy-copy-copy-2-copy-2-copy-2-copy-copy-copy-2","status":"publish","type":"post","link":"https:\/\/www.feuerwehr-ibbenbueren.de\/?p=19492","title":{"rendered":"Geb\u00e4udebrand klein"},"content":{"rendered":"<p><strong>Einsatzbericht:\u00a0<\/strong>Der Dienstbetrieb und der L\u00f6schzug Stadtmitte 1 wurden mit dem Stichwort &#8222;Geb\u00e4udebrand klein, brennt Gartenschuppen&#8220; alarmiert.<!--more--><\/p>\n<p>Vor Ort brannte ein, direkt an ein Wohnhaus angebauter, Schuppen. Das Feuer hatte bereits auf die Traufenverschalung des Geb\u00e4udes \u00fcbergegriffen.<\/p>\n<p>Ein Trupp unter Atemschutz bek\u00e4mpfte mit einem Strahlrohr das Feuer und konnte so das weitere \u00dcbergreifen der Flammen auf das Geb\u00e4ude verhindern.<\/p>\n<p>Anschlie\u00dfend wurde der Dachbereich noch von der Drehleiter aus auf Glutnester hin kontrolliert.<\/p>\n<p>Abschlie\u00dfend konnte die Einsatzstelle an die Polizei \u00fcbergeben werden.<\/p>\n","protected":false},"excerpt":{"rendered":"<p>Einsatzbericht:\u00a0Der Dienstbetrieb und der L\u00f6schzug Stadtmitte 1 wurden mit dem Stichwort &#8222;Geb\u00e4udebrand klein, brennt Gartenschuppen&#8220; alarmiert.<\/p>\n","protected":false},"author":9,"featured_media":3023,"comment_status":"open","ping_status":"open","sticky":false,"template":"","format":"standard","meta":{"footnotes":""},"categories":[10,5],"tags":[372,71,316,371],"class_list":["post-19492","post","type-post","status-publish","format-standard","has-post-thumbnail","hentry","category-alle-beitraege","category-einsaetze","tag-dienstbetrieb-2020","tag-feuer","tag-gebaeudebrand","tag-stadtmitte-1-2020"],"_links":{"self":[{"href":"https:\/\/www.feuerwehr-ibbenbueren.de\/index.php?rest_route=\/wp\/v2\/posts\/19492","targetHints":{"allow":["GET"]}}],"collection":[{"href":"https:\/\/www.feuerwehr-ibbenbueren.de\/index.php?rest_route=\/wp\/v2\/posts"}],"about":[{"href":"https:\/\/www.feuerwehr-ibbenbueren.de\/index.php?rest_route=\/wp\/v2\/types\/post"}],"author":[{"embeddable":true,"href":"https:\/\/www.feuerwehr-ibbenbueren.de\/index.php?rest_route=\/wp\/v2\/users\/9"}],"replies":[{"embeddable":true,"href":"https:\/\/www.feuerwehr-ibbenbueren.de\/index.php?rest_route=%2Fwp%2Fv2%2Fcomments&post=19492"}],"version-history":[{"count":7,"href":"https:\/\/www.feuerwehr-ibbenbueren.de\/index.php?rest_route=\/wp\/v2\/posts\/19492\/revisions"}],"predecessor-version":[{"id":19539,"href":"https:\/\/www.feuerwehr-ibbenbueren.de\/index.php?rest_route=\/wp\/v2\/posts\/19492\/revisions\/19539"}],"wp:featuredmedia":[{"embeddable":true,"href":"https:\/\/www.feuerwehr-ibbenbueren.de\/index.php?rest_route=\/wp\/v2\/media\/3023"}],"wp:attachment":[{"href":"https:\/\/www.feuerwehr-ibbenbueren.de\/index.php?rest_route=%2Fwp%2Fv2%2Fmedia&parent=19492"}],"wp:term":[{"taxonomy":"category","embeddable":true,"href":"https:\/\/www.feuerwehr-ibbenbueren.de\/index.php?rest_route=%2Fwp%2Fv2%2Fcategories&post=19492"},{"taxonomy":"post_tag","embeddable":true,"href":"https:\/\/www.feuerwehr-ibbenbueren.de\/index.php?rest_route=%2Fwp%2Fv2%2Ftags&post=19492"}],"curies":[{"name":"wp","href":"https:\/\/api.w.org\/{rel}","templated":true}]}}