{"id":2005,"date":"2015-09-04T17:06:30","date_gmt":"2015-09-04T15:06:30","guid":{"rendered":"http:\/\/www.feuerwehr-ibbenbueren.de\/?p=2005"},"modified":"2015-09-04T18:45:38","modified_gmt":"2015-09-04T16:45:38","slug":"betriebsstoffe-aufnehmen-3-2-3-3-2-2","status":"publish","type":"post","link":"https:\/\/www.feuerwehr-ibbenbueren.de\/?p=2005","title":{"rendered":"Oelspur"},"content":{"rendered":"<p><strong>Einsatzbericht: <\/strong>Bei einem LKW war eine Hydraulikleitung geplatzt. Eine ca. 300 m lange Oelspur wurde mit Bindemittel abgestreut. Einsatzstelle dem Stra\u00dfenbaulasttr\u00e4ger \u00fcbergeben.<!--more--><\/p>\n","protected":false},"excerpt":{"rendered":"<p>Einsatzbericht: Bei einem LKW war eine Hydraulikleitung geplatzt. Eine ca. 300 m lange Oelspur wurde mit Bindemittel abgestreut. Einsatzstelle dem Stra\u00dfenbaulasttr\u00e4ger \u00fcbergeben.<\/p>\n","protected":false},"author":8,"featured_media":1829,"comment_status":"open","ping_status":"open","sticky":false,"template":"","format":"standard","meta":{"footnotes":""},"categories":[10,5],"tags":[65,80,73],"class_list":["post-2005","post","type-post","status-publish","format-standard","has-post-thumbnail","hentry","category-alle-beitraege","category-einsaetze","tag-dienstbetrieb","tag-oel","tag-th"],"_links":{"self":[{"href":"https:\/\/www.feuerwehr-ibbenbueren.de\/index.php?rest_route=\/wp\/v2\/posts\/2005","targetHints":{"allow":["GET"]}}],"collection":[{"href":"https:\/\/www.feuerwehr-ibbenbueren.de\/index.php?rest_route=\/wp\/v2\/posts"}],"about":[{"href":"https:\/\/www.feuerwehr-ibbenbueren.de\/index.php?rest_route=\/wp\/v2\/types\/post"}],"author":[{"embeddable":true,"href":"https:\/\/www.feuerwehr-ibbenbueren.de\/index.php?rest_route=\/wp\/v2\/users\/8"}],"replies":[{"embeddable":true,"href":"https:\/\/www.feuerwehr-ibbenbueren.de\/index.php?rest_route=%2Fwp%2Fv2%2Fcomments&post=2005"}],"version-history":[{"count":2,"href":"https:\/\/www.feuerwehr-ibbenbueren.de\/index.php?rest_route=\/wp\/v2\/posts\/2005\/revisions"}],"predecessor-version":[{"id":2007,"href":"https:\/\/www.feuerwehr-ibbenbueren.de\/index.php?rest_route=\/wp\/v2\/posts\/2005\/revisions\/2007"}],"wp:featuredmedia":[{"embeddable":true,"href":"https:\/\/www.feuerwehr-ibbenbueren.de\/index.php?rest_route=\/wp\/v2\/media\/1829"}],"wp:attachment":[{"href":"https:\/\/www.feuerwehr-ibbenbueren.de\/index.php?rest_route=%2Fwp%2Fv2%2Fmedia&parent=2005"}],"wp:term":[{"taxonomy":"category","embeddable":true,"href":"https:\/\/www.feuerwehr-ibbenbueren.de\/index.php?rest_route=%2Fwp%2Fv2%2Fcategories&post=2005"},{"taxonomy":"post_tag","embeddable":true,"href":"https:\/\/www.feuerwehr-ibbenbueren.de\/index.php?rest_route=%2Fwp%2Fv2%2Ftags&post=2005"}],"curies":[{"name":"wp","href":"https:\/\/api.w.org\/{rel}","templated":true}]}}