{"id":20202,"date":"2020-02-03T09:56:30","date_gmt":"2020-02-03T08:56:30","guid":{"rendered":"https:\/\/www.feuerwehr-ibbenbueren.de\/?p=20202"},"modified":"2020-02-04T05:17:12","modified_gmt":"2020-02-04T04:17:12","slug":"kleinbrand-2-2-4-3-3-2-2-2-copy-copy-2-copy-2-copy-2-copy-copy-copy-2-copy-copy-copy-copy-copy-copy-copy-copy-copy-2-copy-copy-copy-2-copy-copy-copy-copy-copy-2-copy-copy-copy-2-copy-2-copy-copy-co-2","status":"publish","type":"post","link":"https:\/\/www.feuerwehr-ibbenbueren.de\/?p=20202","title":{"rendered":"Pkw-Brand"},"content":{"rendered":"<p><strong>Einsatzbericht: <\/strong>Am Montagmorgen wurde der Dienstbetrieb zu einem Pkw-Brand alarmiert.<br \/>\n<!--more--><\/p>\n<p>Bei Eintreffen an der Einsatzstelle in der Wilhelmstra\u00dfe hatten die Polizei und der Besitzer den Motorraum mit einem Pulverl\u00f6scher schon gel\u00f6scht.<\/p>\n<p>Einsatzstelle wurde mit der W\u00e4rmebildkamera noch auf W\u00e4rmequellen kontrolliert, Feuer war aus. Einsatzstelle wurde dem Besitzer \u00fcbergeben.<\/p>\n","protected":false},"excerpt":{"rendered":"<p>Einsatzbericht: Am Montagmorgen wurde der Dienstbetrieb zu einem Pkw-Brand alarmiert.<\/p>\n","protected":false},"author":8,"featured_media":3023,"comment_status":"open","ping_status":"open","sticky":false,"template":"","format":"standard","meta":{"footnotes":""},"categories":[10,5],"tags":[71,378,139],"class_list":["post-20202","post","type-post","status-publish","format-standard","has-post-thumbnail","hentry","category-alle-beitraege","category-einsaetze","tag-feuer","tag-nur-dienstbetrieb-2020","tag-pkw-brand"],"_links":{"self":[{"href":"https:\/\/www.feuerwehr-ibbenbueren.de\/index.php?rest_route=\/wp\/v2\/posts\/20202","targetHints":{"allow":["GET"]}}],"collection":[{"href":"https:\/\/www.feuerwehr-ibbenbueren.de\/index.php?rest_route=\/wp\/v2\/posts"}],"about":[{"href":"https:\/\/www.feuerwehr-ibbenbueren.de\/index.php?rest_route=\/wp\/v2\/types\/post"}],"author":[{"embeddable":true,"href":"https:\/\/www.feuerwehr-ibbenbueren.de\/index.php?rest_route=\/wp\/v2\/users\/8"}],"replies":[{"embeddable":true,"href":"https:\/\/www.feuerwehr-ibbenbueren.de\/index.php?rest_route=%2Fwp%2Fv2%2Fcomments&post=20202"}],"version-history":[{"count":5,"href":"https:\/\/www.feuerwehr-ibbenbueren.de\/index.php?rest_route=\/wp\/v2\/posts\/20202\/revisions"}],"predecessor-version":[{"id":20213,"href":"https:\/\/www.feuerwehr-ibbenbueren.de\/index.php?rest_route=\/wp\/v2\/posts\/20202\/revisions\/20213"}],"wp:featuredmedia":[{"embeddable":true,"href":"https:\/\/www.feuerwehr-ibbenbueren.de\/index.php?rest_route=\/wp\/v2\/media\/3023"}],"wp:attachment":[{"href":"https:\/\/www.feuerwehr-ibbenbueren.de\/index.php?rest_route=%2Fwp%2Fv2%2Fmedia&parent=20202"}],"wp:term":[{"taxonomy":"category","embeddable":true,"href":"https:\/\/www.feuerwehr-ibbenbueren.de\/index.php?rest_route=%2Fwp%2Fv2%2Fcategories&post=20202"},{"taxonomy":"post_tag","embeddable":true,"href":"https:\/\/www.feuerwehr-ibbenbueren.de\/index.php?rest_route=%2Fwp%2Fv2%2Ftags&post=20202"}],"curies":[{"name":"wp","href":"https:\/\/api.w.org\/{rel}","templated":true}]}}