{"id":20510,"date":"2020-03-03T18:21:15","date_gmt":"2020-03-03T17:21:15","guid":{"rendered":"https:\/\/www.feuerwehr-ibbenbueren.de\/?p=20510"},"modified":"2020-03-03T20:30:29","modified_gmt":"2020-03-03T19:30:29","slug":"kleinbrand-2-2-4-3-3-2-2-2-copy-copy-2-copy-2-copy-2-copy-copy-copy-2-copy-copy-copy-copy-copy-copy-copy-copy-copy-2-copy-copy-copy-2-copy-copy-copy-copy-copy-2-copy-2-copy-copy-2-copy-copy","status":"publish","type":"post","link":"https:\/\/www.feuerwehr-ibbenbueren.de\/?p=20510","title":{"rendered":"Waldbrand"},"content":{"rendered":"<p><strong>Einsatzbericht: <\/strong>Mehrere Anrufer meldeten im Bereich der Gl\u00fccksburger Stra\u00dfe eine unklare Rauchentwicklung. Daraufhin wurden der Dienstbetrieb und der L\u00f6schzug Stadtmitte 1 mit dem Alarmstichwort &#8222;Waldbrand&#8220; alarmiert.<\/p>\n<p><!--more--><\/p>\n<p>Im gesamten Bereich der Gl\u00fccksburger Stra\u00dfe konnte trotz umfangreicher Erkundungsma\u00dfnahmen keine Rauchentwicklung festgestellt werden.<\/p>\n<p>Die Einsatzkr\u00e4fte r\u00fcckten wieder ein.<\/p>\n","protected":false},"excerpt":{"rendered":"<p>Einsatzbericht: Mehrere Anrufer meldeten im Bereich der Gl\u00fccksburger Stra\u00dfe eine unklare Rauchentwicklung. Daraufhin wurden der Dienstbetrieb und der L\u00f6schzug Stadtmitte 1 mit dem Alarmstichwort &#8222;Waldbrand&#8220; alarmiert.<\/p>\n","protected":false},"author":7,"featured_media":1831,"comment_status":"open","ping_status":"open","sticky":false,"template":"","format":"standard","meta":{"footnotes":""},"categories":[10,5],"tags":[372,71,371,330],"class_list":["post-20510","post","type-post","status-publish","format-standard","has-post-thumbnail","hentry","category-alle-beitraege","category-einsaetze","tag-dienstbetrieb-2020","tag-feuer","tag-stadtmitte-1-2020","tag-waldbrand"],"_links":{"self":[{"href":"https:\/\/www.feuerwehr-ibbenbueren.de\/index.php?rest_route=\/wp\/v2\/posts\/20510","targetHints":{"allow":["GET"]}}],"collection":[{"href":"https:\/\/www.feuerwehr-ibbenbueren.de\/index.php?rest_route=\/wp\/v2\/posts"}],"about":[{"href":"https:\/\/www.feuerwehr-ibbenbueren.de\/index.php?rest_route=\/wp\/v2\/types\/post"}],"author":[{"embeddable":true,"href":"https:\/\/www.feuerwehr-ibbenbueren.de\/index.php?rest_route=\/wp\/v2\/users\/7"}],"replies":[{"embeddable":true,"href":"https:\/\/www.feuerwehr-ibbenbueren.de\/index.php?rest_route=%2Fwp%2Fv2%2Fcomments&post=20510"}],"version-history":[{"count":3,"href":"https:\/\/www.feuerwehr-ibbenbueren.de\/index.php?rest_route=\/wp\/v2\/posts\/20510\/revisions"}],"predecessor-version":[{"id":20513,"href":"https:\/\/www.feuerwehr-ibbenbueren.de\/index.php?rest_route=\/wp\/v2\/posts\/20510\/revisions\/20513"}],"wp:featuredmedia":[{"embeddable":true,"href":"https:\/\/www.feuerwehr-ibbenbueren.de\/index.php?rest_route=\/wp\/v2\/media\/1831"}],"wp:attachment":[{"href":"https:\/\/www.feuerwehr-ibbenbueren.de\/index.php?rest_route=%2Fwp%2Fv2%2Fmedia&parent=20510"}],"wp:term":[{"taxonomy":"category","embeddable":true,"href":"https:\/\/www.feuerwehr-ibbenbueren.de\/index.php?rest_route=%2Fwp%2Fv2%2Fcategories&post=20510"},{"taxonomy":"post_tag","embeddable":true,"href":"https:\/\/www.feuerwehr-ibbenbueren.de\/index.php?rest_route=%2Fwp%2Fv2%2Ftags&post=20510"}],"curies":[{"name":"wp","href":"https:\/\/api.w.org\/{rel}","templated":true}]}}