{"id":21186,"date":"2020-06-02T07:42:05","date_gmt":"2020-06-02T05:42:05","guid":{"rendered":"https:\/\/www.feuerwehr-ibbenbueren.de\/?p=21186"},"modified":"2020-06-02T13:26:38","modified_gmt":"2020-06-02T11:26:38","slug":"kleinbrand-2-2-4-3-3-2-2-2-copy-copy-2-copy-2-copy-2-copy-copy-copy-2-copy-copy-copy-copy-copy-3-copy-2-copy-2-copy-2-copy-copy-copy-3-copy-copy-copy-2-copy","status":"publish","type":"post","link":"https:\/\/www.feuerwehr-ibbenbueren.de\/?p=21186","title":{"rendered":"BMA Fa. Wiewelhove"},"content":{"rendered":"<p><strong>Einsatzbericht: <\/strong>Der hauptamtliche Dienstbetrieb und der L\u00f6schzug Stadtmitte 1 wurden zu einer ausgel\u00f6sten Brandmeldeanlage an den D\u00f6rnebrink gerufen. <!--more--><\/p>\n<p>Die BMA hatte aufgrund von Staubaufwirbelungen ausgel\u00f6st. Kontrolle durch die Feuerwehr. Keine weiteren Ma\u00dfnahmen.<\/p>\n","protected":false},"excerpt":{"rendered":"<p>Einsatzbericht: Der hauptamtliche Dienstbetrieb und der L\u00f6schzug Stadtmitte 1 wurden zu einer ausgel\u00f6sten Brandmeldeanlage an den D\u00f6rnebrink gerufen.<\/p>\n","protected":false},"author":3,"featured_media":3025,"comment_status":"open","ping_status":"open","sticky":false,"template":"","format":"standard","meta":{"footnotes":""},"categories":[10,5],"tags":[67,372,371],"class_list":["post-21186","post","type-post","status-publish","format-standard","has-post-thumbnail","hentry","category-alle-beitraege","category-einsaetze","tag-bma","tag-dienstbetrieb-2020","tag-stadtmitte-1-2020"],"_links":{"self":[{"href":"https:\/\/www.feuerwehr-ibbenbueren.de\/index.php?rest_route=\/wp\/v2\/posts\/21186","targetHints":{"allow":["GET"]}}],"collection":[{"href":"https:\/\/www.feuerwehr-ibbenbueren.de\/index.php?rest_route=\/wp\/v2\/posts"}],"about":[{"href":"https:\/\/www.feuerwehr-ibbenbueren.de\/index.php?rest_route=\/wp\/v2\/types\/post"}],"author":[{"embeddable":true,"href":"https:\/\/www.feuerwehr-ibbenbueren.de\/index.php?rest_route=\/wp\/v2\/users\/3"}],"replies":[{"embeddable":true,"href":"https:\/\/www.feuerwehr-ibbenbueren.de\/index.php?rest_route=%2Fwp%2Fv2%2Fcomments&post=21186"}],"version-history":[{"count":3,"href":"https:\/\/www.feuerwehr-ibbenbueren.de\/index.php?rest_route=\/wp\/v2\/posts\/21186\/revisions"}],"predecessor-version":[{"id":21189,"href":"https:\/\/www.feuerwehr-ibbenbueren.de\/index.php?rest_route=\/wp\/v2\/posts\/21186\/revisions\/21189"}],"wp:featuredmedia":[{"embeddable":true,"href":"https:\/\/www.feuerwehr-ibbenbueren.de\/index.php?rest_route=\/wp\/v2\/media\/3025"}],"wp:attachment":[{"href":"https:\/\/www.feuerwehr-ibbenbueren.de\/index.php?rest_route=%2Fwp%2Fv2%2Fmedia&parent=21186"}],"wp:term":[{"taxonomy":"category","embeddable":true,"href":"https:\/\/www.feuerwehr-ibbenbueren.de\/index.php?rest_route=%2Fwp%2Fv2%2Fcategories&post=21186"},{"taxonomy":"post_tag","embeddable":true,"href":"https:\/\/www.feuerwehr-ibbenbueren.de\/index.php?rest_route=%2Fwp%2Fv2%2Ftags&post=21186"}],"curies":[{"name":"wp","href":"https:\/\/api.w.org\/{rel}","templated":true}]}}