{"id":21328,"date":"2020-06-08T05:17:13","date_gmt":"2020-06-08T03:17:13","guid":{"rendered":"https:\/\/www.feuerwehr-ibbenbueren.de\/?p=21328"},"modified":"2020-06-08T10:23:23","modified_gmt":"2020-06-08T08:23:23","slug":"th-klein-2-copy-copy-copy-copy-copy-copy-copy-copy-2-copy-4-copy-copy-copy-copy-copy-copy-2-copy","status":"publish","type":"post","link":"https:\/\/www.feuerwehr-ibbenbueren.de\/?p=21328","title":{"rendered":"VU P klemmt, BAB 30"},"content":{"rendered":"<p><strong>Einsatzbericht:<\/strong> Der Dienstbetrieb und der L\u00f6schzug Stadtmitte 1 wurden mit dem Stichwort &#8220; VU P klemmt&#8220; auf die BAB 30 alarmiert.<!--more--><\/p>\n<p>Zuerst wurde der Dienstbetrieb zur Absicherung des Rettungsdienstes alarmiert. Bereits auf der Anfahrt meldete jedoch die Leitstelle, dass eine Person im PKW eingeklemmt sei. Daraufhin wurde das Alarmstichwort erh\u00f6ht und der LZ Stadtmitte 1 nachalarmiert.<\/p>\n<p>An der Einsatzstelle war es zu einem Unfall von zwei PKW, davon einer mit Anh\u00e4nger, gekommen.<\/p>\n<p>In einem der Fahrzeuge war der Fahrer augenscheinlich im Fu\u00dfbereich eingeklemmt. Der Rettungsdienst versorgte die Person im PKW, w\u00e4hrend die Einsatzkr\u00e4fte der Feuerwehr die technische Rettung vorbereiteten.<\/p>\n<p>Die sehr uneinsichtige Person befreite sich dann jedoch selbst aus dem sehr deformierten Fu\u00dfraum des PKW. Die schwer verletzte Person wurde dem Rettungsdienst \u00fcbergeben.<\/p>\n<p>In dem anderen Unfallfahrzeug befanden sich zwei Personen die sich selbst aus ihren PKW befreien konnten. Die leicht verletzten Insassen dieses Fahrzeuges wurden durch einen weiteren RTW versorgt.<\/p>\n<p>Die Feuerwehr stellte den Brandschutz sicher und klemmte die Fahrzeugbatterien ab.<\/p>\n<p>Die Einsatzstelle wurde der Autobahnpolizei \u00fcbergeben.<\/p>\n<p>&nbsp;<\/p>\n\n\t\t<div id='gallery-1' class='gallery galleryid-21328 gallery-columns-4 gallery-size-thumbnail gallery1'><script type=\"text\/javascript\">\r\n\/\/ <![CDATA[\r\n\tjQuery(document).ready(function () {\r\n\t\tjQuery(\".gallery1 a\").attr(\"rel\",\"gallery1\");\t\r\n\t\tjQuery('a[rel=\"gallery1\"]').colorbox({maxWidth:\"95%\", maxHeight:\"95%\",title: function(){ return jQuery(this).children().attr(\"alt\"); }, });\r\n\t});\r\n\/\/ ]]>\r\n<\/script>\n<dl class=\"gallery-item\">\n<dt class=\"gallery-icon\">\r\n<a href=\"https:\/\/www.feuerwehr-ibbenbueren.de\/wp-content\/uploads\/2020\/06\/2020-06-07-VU-P-klemmt-BAB-30-4.jpg\" title=\"\" rel=\"gallery1\"><img loading=\"lazy\" decoding=\"async\" src=\"https:\/\/www.feuerwehr-ibbenbueren.de\/wp-content\/uploads\/2020\/06\/2020-06-07-VU-P-klemmt-BAB-30-4-150x150.jpg\" width=\"150\" height=\"150\" alt=\"\" \/><\/a>\r\n<\/dt><\/dl><dl class=\"gallery-item\">\n<dt class=\"gallery-icon\">\r\n<a href=\"https:\/\/www.feuerwehr-ibbenbueren.de\/wp-content\/uploads\/2020\/06\/2020-06-07-VU-P-klemmt-BAB-30-5.jpg\" title=\"\" rel=\"gallery1\"><img loading=\"lazy\" decoding=\"async\" src=\"https:\/\/www.feuerwehr-ibbenbueren.de\/wp-content\/uploads\/2020\/06\/2020-06-07-VU-P-klemmt-BAB-30-5-150x150.jpg\" width=\"150\" height=\"150\" alt=\"\" \/><\/a>\r\n<\/dt><\/dl><dl class=\"gallery-item\">\n<dt class=\"gallery-icon\">\r\n<a href=\"https:\/\/www.feuerwehr-ibbenbueren.de\/wp-content\/uploads\/2020\/06\/2020-06-07-VU-P-klemmt-BAB-30-3.jpg\" title=\"\" rel=\"gallery1\"><img loading=\"lazy\" decoding=\"async\" src=\"https:\/\/www.feuerwehr-ibbenbueren.de\/wp-content\/uploads\/2020\/06\/2020-06-07-VU-P-klemmt-BAB-30-3-150x150.jpg\" width=\"150\" height=\"150\" alt=\"\" \/><\/a>\r\n<\/dt><\/dl>\r\n\t\t\t<br style='clear: both' \/>\r\n\t\t<\/div>\n\n<p>&nbsp;<\/p>\n<p>&nbsp;<\/p>\n<p>&nbsp;<\/p>\n","protected":false},"excerpt":{"rendered":"<p>Einsatzbericht: Der Dienstbetrieb und der L\u00f6schzug Stadtmitte 1 wurden mit dem Stichwort &#8220; VU P klemmt&#8220; auf die BAB 30 alarmiert.<\/p>\n","protected":false},"author":7,"featured_media":21322,"comment_status":"open","ping_status":"open","sticky":false,"template":"","format":"standard","meta":{"footnotes":""},"categories":[10,5],"tags":[138,372,371,73,74],"class_list":["post-21328","post","type-post","status-publish","format-standard","has-post-thumbnail","hentry","category-alle-beitraege","category-einsaetze","tag-bab30","tag-dienstbetrieb-2020","tag-stadtmitte-1-2020","tag-th","tag-vu"],"_links":{"self":[{"href":"https:\/\/www.feuerwehr-ibbenbueren.de\/index.php?rest_route=\/wp\/v2\/posts\/21328","targetHints":{"allow":["GET"]}}],"collection":[{"href":"https:\/\/www.feuerwehr-ibbenbueren.de\/index.php?rest_route=\/wp\/v2\/posts"}],"about":[{"href":"https:\/\/www.feuerwehr-ibbenbueren.de\/index.php?rest_route=\/wp\/v2\/types\/post"}],"author":[{"embeddable":true,"href":"https:\/\/www.feuerwehr-ibbenbueren.de\/index.php?rest_route=\/wp\/v2\/users\/7"}],"replies":[{"embeddable":true,"href":"https:\/\/www.feuerwehr-ibbenbueren.de\/index.php?rest_route=%2Fwp%2Fv2%2Fcomments&post=21328"}],"version-history":[{"count":3,"href":"https:\/\/www.feuerwehr-ibbenbueren.de\/index.php?rest_route=\/wp\/v2\/posts\/21328\/revisions"}],"predecessor-version":[{"id":21332,"href":"https:\/\/www.feuerwehr-ibbenbueren.de\/index.php?rest_route=\/wp\/v2\/posts\/21328\/revisions\/21332"}],"wp:featuredmedia":[{"embeddable":true,"href":"https:\/\/www.feuerwehr-ibbenbueren.de\/index.php?rest_route=\/wp\/v2\/media\/21322"}],"wp:attachment":[{"href":"https:\/\/www.feuerwehr-ibbenbueren.de\/index.php?rest_route=%2Fwp%2Fv2%2Fmedia&parent=21328"}],"wp:term":[{"taxonomy":"category","embeddable":true,"href":"https:\/\/www.feuerwehr-ibbenbueren.de\/index.php?rest_route=%2Fwp%2Fv2%2Fcategories&post=21328"},{"taxonomy":"post_tag","embeddable":true,"href":"https:\/\/www.feuerwehr-ibbenbueren.de\/index.php?rest_route=%2Fwp%2Fv2%2Ftags&post=21328"}],"curies":[{"name":"wp","href":"https:\/\/api.w.org\/{rel}","templated":true}]}}