{"id":21402,"date":"2020-06-14T17:08:05","date_gmt":"2020-06-14T15:08:05","guid":{"rendered":"https:\/\/www.feuerwehr-ibbenbueren.de\/?p=21402"},"modified":"2020-06-14T19:09:46","modified_gmt":"2020-06-14T17:09:46","slug":"kleinbrand-2-2-4-3-3-2-2-2-copy-copy-2-copy-2-copy-2-copy-copy-copy-2-copy-copy-copy-copy-copy-3-copy-2-copy-2-copy-2-copy-copy-copy-3-copy-copy-copy-2-copy-copy","status":"publish","type":"post","link":"https:\/\/www.feuerwehr-ibbenbueren.de\/?p=21402","title":{"rendered":"BMA Haus Waldfrieden"},"content":{"rendered":"<p><strong>Einsatzbericht: <\/strong>Der hauptamtliche Dienstbetrieb und der L\u00f6schzug Stadtmitte 1 wurden zu einer ausgel\u00f6sten Brandmeldeanlage zum AH Waldfrieden gerufen<!--more--><\/p>\n<p>Die Feuerwehr kontrollierte den betroffenen Bereich. Hierbei konnte keine Feststellung gemacht werden.<\/p>\n<p>W\u00e4hrend die Einsatzkr\u00e4fte gerade einr\u00fccken wollten, l\u00f6ste die BMA wieder aus. Hierbei handelte es sich um die Ausl\u00f6sung des gleichen Brandmelders wie vorher.<\/p>\n<p>Die Feuerwehr kontrollierte wieder den betroffenen Bereich ohne weitere Erkenntnisse.<\/p>\n<p>Die Einsatzstelle wurde dem zust\u00e4ndigen Mitarbeiter \u00fcbergeben.<\/p>\n","protected":false},"excerpt":{"rendered":"<p>Einsatzbericht: Der hauptamtliche Dienstbetrieb und der L\u00f6schzug Stadtmitte 1 wurden zu einer ausgel\u00f6sten Brandmeldeanlage zum AH Waldfrieden gerufen<\/p>\n","protected":false},"author":7,"featured_media":3025,"comment_status":"open","ping_status":"open","sticky":false,"template":"","format":"standard","meta":{"footnotes":""},"categories":[10,5],"tags":[67,372,371],"class_list":["post-21402","post","type-post","status-publish","format-standard","has-post-thumbnail","hentry","category-alle-beitraege","category-einsaetze","tag-bma","tag-dienstbetrieb-2020","tag-stadtmitte-1-2020"],"_links":{"self":[{"href":"https:\/\/www.feuerwehr-ibbenbueren.de\/index.php?rest_route=\/wp\/v2\/posts\/21402","targetHints":{"allow":["GET"]}}],"collection":[{"href":"https:\/\/www.feuerwehr-ibbenbueren.de\/index.php?rest_route=\/wp\/v2\/posts"}],"about":[{"href":"https:\/\/www.feuerwehr-ibbenbueren.de\/index.php?rest_route=\/wp\/v2\/types\/post"}],"author":[{"embeddable":true,"href":"https:\/\/www.feuerwehr-ibbenbueren.de\/index.php?rest_route=\/wp\/v2\/users\/7"}],"replies":[{"embeddable":true,"href":"https:\/\/www.feuerwehr-ibbenbueren.de\/index.php?rest_route=%2Fwp%2Fv2%2Fcomments&post=21402"}],"version-history":[{"count":2,"href":"https:\/\/www.feuerwehr-ibbenbueren.de\/index.php?rest_route=\/wp\/v2\/posts\/21402\/revisions"}],"predecessor-version":[{"id":21404,"href":"https:\/\/www.feuerwehr-ibbenbueren.de\/index.php?rest_route=\/wp\/v2\/posts\/21402\/revisions\/21404"}],"wp:featuredmedia":[{"embeddable":true,"href":"https:\/\/www.feuerwehr-ibbenbueren.de\/index.php?rest_route=\/wp\/v2\/media\/3025"}],"wp:attachment":[{"href":"https:\/\/www.feuerwehr-ibbenbueren.de\/index.php?rest_route=%2Fwp%2Fv2%2Fmedia&parent=21402"}],"wp:term":[{"taxonomy":"category","embeddable":true,"href":"https:\/\/www.feuerwehr-ibbenbueren.de\/index.php?rest_route=%2Fwp%2Fv2%2Fcategories&post=21402"},{"taxonomy":"post_tag","embeddable":true,"href":"https:\/\/www.feuerwehr-ibbenbueren.de\/index.php?rest_route=%2Fwp%2Fv2%2Ftags&post=21402"}],"curies":[{"name":"wp","href":"https:\/\/api.w.org\/{rel}","templated":true}]}}