{"id":21539,"date":"2020-07-05T16:45:45","date_gmt":"2020-07-05T14:45:45","guid":{"rendered":"https:\/\/www.feuerwehr-ibbenbueren.de\/?p=21539"},"modified":"2020-07-08T08:55:12","modified_gmt":"2020-07-08T06:55:12","slug":"th-klein-2-copy-copy-copy-copy-copy-copy-copy-copy-2-copy-4-copy-copy-copy-copy-copy-copy-2-copy-copy","status":"publish","type":"post","link":"https:\/\/www.feuerwehr-ibbenbueren.de\/?p=21539","title":{"rendered":"VU P klemmt, BAB 30"},"content":{"rendered":"<p><strong>Einsatzbericht:<\/strong> Der Dienstbetrieb und der L\u00f6schzug Stadtmitte 1 wurden mit dem Stichwort &#8222;VU P klemmt&#8220; auf die BAB 30 alarmiert.<!--more--><\/p>\n<p>Auf der Autobahn A30 war kurz vor der Abfahrt Ibbenb\u00fcren ein mit Papier beladener Sattelzug in die Leitplanken geraten, die B\u00f6schung herunter gefahren und vor einem Baum zum Stehen gekommen. Dadurch war das Fahrerhaus des Lkws stark verformt worden und der Fahrer war eingeklemmt.<\/p>\n<p>Es handelte sich um einen Alleinunfall und der Fahrer war der einzige Insassse im Lkw.<\/p>\n<p>Nachdem der H\u00f6henunterschied von ca. 15 Metern mit Leiterteilen \u00fcberwunden war, wurde der Fahrer patientengerecht mit technischem Ger\u00e4t befreit und mittels Schleifkorbtrage nach oben bef\u00f6rdert und dem Rettungsdienst \u00fcbergeben. Er wurde not\u00e4rztlich behandelt und mit dem RTH in ein Krankenhaus verbracht.<\/p>\n<p>Von der Feuerwehr war parallel der Brandschutz an der Einatzstelle sichergestellt worden. U.a. wegen der Sch\u00e4den an der Leitplanke wurde der Stra\u00dfenbaulasttr\u00e4ger angefordert.<\/p>\n<p>Nach Ende der Rettungsma\u00dfnahmen wurde die Einsatzstelle an die Autobahnpolizei \u00fcbergeben.<\/p>\n<p><a href=\"https:\/\/www.ivz-aktuell.de\/Lokales\/7643867\/Lastwagen-stuerzt-auf-A30-die-Boeschung-hinunter\" target=\"_blank\" rel=\"noopener noreferrer\">Link zum Bericht auf ivz-aktuell (f\u00fcr Abonnenten)<\/a><br \/>\n<a href=\"https:\/\/www.nwm-tv.de\/news\/news-anzeigen\/?news_id=14370\" target=\"_blank\" rel=\"noopener noreferrer\">Link zum Bericht auf Nord-West-Media TV<\/a><\/p>\n\n\t\t<div id='gallery-1' class='gallery galleryid-21539 gallery-columns-4 gallery-size-thumbnail gallery1'><script type=\"text\/javascript\">\r\n\/\/ <![CDATA[\r\n\tjQuery(document).ready(function () {\r\n\t\tjQuery(\".gallery1 a\").attr(\"rel\",\"gallery1\");\t\r\n\t\tjQuery('a[rel=\"gallery1\"]').colorbox({maxWidth:\"95%\", maxHeight:\"95%\",title: function(){ return jQuery(this).children().attr(\"alt\"); }, });\r\n\t});\r\n\/\/ ]]>\r\n<\/script>\n<dl class=\"gallery-item\">\n<dt class=\"gallery-icon\">\r\n<a href=\"https:\/\/www.feuerwehr-ibbenbueren.de\/wp-content\/uploads\/2020\/07\/20200705_VU_A30_LKW_01.jpg\" title=\"\" rel=\"gallery1\"><img loading=\"lazy\" decoding=\"async\" src=\"https:\/\/www.feuerwehr-ibbenbueren.de\/wp-content\/uploads\/2020\/07\/20200705_VU_A30_LKW_01-150x150.jpg\" width=\"150\" height=\"150\" alt=\"\" \/><\/a>\r\n<\/dt><\/dl><dl class=\"gallery-item\">\n<dt class=\"gallery-icon\">\r\n<a href=\"https:\/\/www.feuerwehr-ibbenbueren.de\/wp-content\/uploads\/2020\/07\/20200705_VU_A30_LKW_02.jpg\" title=\"\" rel=\"gallery1\"><img loading=\"lazy\" decoding=\"async\" src=\"https:\/\/www.feuerwehr-ibbenbueren.de\/wp-content\/uploads\/2020\/07\/20200705_VU_A30_LKW_02-150x150.jpg\" width=\"150\" height=\"150\" alt=\"\" \/><\/a>\r\n<\/dt><\/dl><dl class=\"gallery-item\">\n<dt class=\"gallery-icon\">\r\n<a href=\"https:\/\/www.feuerwehr-ibbenbueren.de\/wp-content\/uploads\/2020\/07\/20200705_VU_A30_LKW_03.jpg\" title=\"\" rel=\"gallery1\"><img loading=\"lazy\" decoding=\"async\" src=\"https:\/\/www.feuerwehr-ibbenbueren.de\/wp-content\/uploads\/2020\/07\/20200705_VU_A30_LKW_03-150x150.jpg\" width=\"150\" height=\"150\" alt=\"\" \/><\/a>\r\n<\/dt><\/dl><dl class=\"gallery-item\">\n<dt class=\"gallery-icon\">\r\n<a href=\"https:\/\/www.feuerwehr-ibbenbueren.de\/wp-content\/uploads\/2020\/07\/20200705_VU_A30_LKW_04.jpg\" title=\"\" rel=\"gallery1\"><img loading=\"lazy\" decoding=\"async\" src=\"https:\/\/www.feuerwehr-ibbenbueren.de\/wp-content\/uploads\/2020\/07\/20200705_VU_A30_LKW_04-150x150.jpg\" width=\"150\" height=\"150\" alt=\"\" \/><\/a>\r\n<\/dt><\/dl><br style=\"clear: both\" \/><dl class=\"gallery-item\">\n<dt class=\"gallery-icon\">\r\n<a href=\"https:\/\/www.feuerwehr-ibbenbueren.de\/wp-content\/uploads\/2020\/07\/20200705_VU_A30_LKW_05.jpg\" title=\"\" rel=\"gallery1\"><img loading=\"lazy\" decoding=\"async\" src=\"https:\/\/www.feuerwehr-ibbenbueren.de\/wp-content\/uploads\/2020\/07\/20200705_VU_A30_LKW_05-150x150.jpg\" width=\"150\" height=\"150\" alt=\"\" \/><\/a>\r\n<\/dt><\/dl><dl class=\"gallery-item\">\n<dt class=\"gallery-icon\">\r\n<a href=\"https:\/\/www.feuerwehr-ibbenbueren.de\/wp-content\/uploads\/2020\/07\/20200705_VU_A30_LKW_06.jpg\" title=\"\" rel=\"gallery1\"><img loading=\"lazy\" decoding=\"async\" src=\"https:\/\/www.feuerwehr-ibbenbueren.de\/wp-content\/uploads\/2020\/07\/20200705_VU_A30_LKW_06-150x150.jpg\" width=\"150\" height=\"150\" alt=\"\" \/><\/a>\r\n<\/dt><\/dl><dl class=\"gallery-item\">\n<dt class=\"gallery-icon\">\r\n<a href=\"https:\/\/www.feuerwehr-ibbenbueren.de\/wp-content\/uploads\/2020\/07\/20200705_VU_A30_LKW_07.jpg\" title=\"\" rel=\"gallery1\"><img loading=\"lazy\" decoding=\"async\" src=\"https:\/\/www.feuerwehr-ibbenbueren.de\/wp-content\/uploads\/2020\/07\/20200705_VU_A30_LKW_07-150x150.jpg\" width=\"150\" height=\"150\" alt=\"\" \/><\/a>\r\n<\/dt><\/dl><dl class=\"gallery-item\">\n<dt class=\"gallery-icon\">\r\n<a href=\"https:\/\/www.feuerwehr-ibbenbueren.de\/wp-content\/uploads\/2020\/07\/20200705_VU_A30_LKW_08.jpg\" title=\"\" rel=\"gallery1\"><img loading=\"lazy\" decoding=\"async\" src=\"https:\/\/www.feuerwehr-ibbenbueren.de\/wp-content\/uploads\/2020\/07\/20200705_VU_A30_LKW_08-150x150.jpg\" width=\"150\" height=\"150\" alt=\"\" \/><\/a>\r\n<\/dt><\/dl><br style=\"clear: both\" \/><dl class=\"gallery-item\">\n<dt class=\"gallery-icon\">\r\n<a href=\"https:\/\/www.feuerwehr-ibbenbueren.de\/wp-content\/uploads\/2020\/07\/20200705_VU_A30_LKW_09.jpg\" title=\"\" rel=\"gallery1\"><img loading=\"lazy\" decoding=\"async\" src=\"https:\/\/www.feuerwehr-ibbenbueren.de\/wp-content\/uploads\/2020\/07\/20200705_VU_A30_LKW_09-150x150.jpg\" width=\"150\" height=\"150\" alt=\"\" \/><\/a>\r\n<\/dt><\/dl>\r\n\t\t\t<br style='clear: both' \/>\r\n\t\t<\/div>\n\n","protected":false},"excerpt":{"rendered":"<p>Einsatzbericht: Der Dienstbetrieb und der L\u00f6schzug Stadtmitte 1 wurden mit dem Stichwort &#8222;VU P klemmt&#8220; auf die BAB 30 alarmiert.<\/p>\n","protected":false},"author":2,"featured_media":21557,"comment_status":"open","ping_status":"open","sticky":false,"template":"","format":"standard","meta":{"footnotes":""},"categories":[10,5],"tags":[138,372,371,73,74],"class_list":["post-21539","post","type-post","status-publish","format-standard","has-post-thumbnail","hentry","category-alle-beitraege","category-einsaetze","tag-bab30","tag-dienstbetrieb-2020","tag-stadtmitte-1-2020","tag-th","tag-vu"],"_links":{"self":[{"href":"https:\/\/www.feuerwehr-ibbenbueren.de\/index.php?rest_route=\/wp\/v2\/posts\/21539","targetHints":{"allow":["GET"]}}],"collection":[{"href":"https:\/\/www.feuerwehr-ibbenbueren.de\/index.php?rest_route=\/wp\/v2\/posts"}],"about":[{"href":"https:\/\/www.feuerwehr-ibbenbueren.de\/index.php?rest_route=\/wp\/v2\/types\/post"}],"author":[{"embeddable":true,"href":"https:\/\/www.feuerwehr-ibbenbueren.de\/index.php?rest_route=\/wp\/v2\/users\/2"}],"replies":[{"embeddable":true,"href":"https:\/\/www.feuerwehr-ibbenbueren.de\/index.php?rest_route=%2Fwp%2Fv2%2Fcomments&post=21539"}],"version-history":[{"count":7,"href":"https:\/\/www.feuerwehr-ibbenbueren.de\/index.php?rest_route=\/wp\/v2\/posts\/21539\/revisions"}],"predecessor-version":[{"id":21566,"href":"https:\/\/www.feuerwehr-ibbenbueren.de\/index.php?rest_route=\/wp\/v2\/posts\/21539\/revisions\/21566"}],"wp:featuredmedia":[{"embeddable":true,"href":"https:\/\/www.feuerwehr-ibbenbueren.de\/index.php?rest_route=\/wp\/v2\/media\/21557"}],"wp:attachment":[{"href":"https:\/\/www.feuerwehr-ibbenbueren.de\/index.php?rest_route=%2Fwp%2Fv2%2Fmedia&parent=21539"}],"wp:term":[{"taxonomy":"category","embeddable":true,"href":"https:\/\/www.feuerwehr-ibbenbueren.de\/index.php?rest_route=%2Fwp%2Fv2%2Fcategories&post=21539"},{"taxonomy":"post_tag","embeddable":true,"href":"https:\/\/www.feuerwehr-ibbenbueren.de\/index.php?rest_route=%2Fwp%2Fv2%2Ftags&post=21539"}],"curies":[{"name":"wp","href":"https:\/\/api.w.org\/{rel}","templated":true}]}}