{"id":21590,"date":"2020-07-16T15:46:01","date_gmt":"2020-07-16T13:46:01","guid":{"rendered":"https:\/\/www.feuerwehr-ibbenbueren.de\/?p=21590"},"modified":"2020-07-18T10:47:17","modified_gmt":"2020-07-18T08:47:17","slug":"amtshilfe-copy-copy-copy-2-copy-3-copy-copy-copy-2-copy-copy-2-copy-copy-copy-copy-2-copy-2-copy-copy-copy-2-copy-copy-copy-copy-copy-copy-copy-copy-2-copy-copy-copy-copy-copy-copy-2","status":"publish","type":"post","link":"https:\/\/www.feuerwehr-ibbenbueren.de\/?p=21590","title":{"rendered":"Brand gro\u00df, Schwelbrand im Kohlebunker"},"content":{"rendered":"<p><strong>Einsatzbericht: <\/strong>Der Dienstbetrieb sowie die L\u00f6schz\u00fcge Stadtmitte 1 und 2 wurden am Donnerstagnachmittag zum Brand in einem 100-Tonnen-Kohlebunker nach Uffeln gerufen.<\/p>\n<p><!--more--><\/p>\n<p>Bei einem Gewerbebetrieb im Industriegebiet Uffeln-West war es zu einem Schwelbrand in einem Kohlebunker gekommen. Um eine Ausbreitung des Schwelbrandes zu verhindern, musste der angrenzende Bunker \u00fcber ein Schneckensystem leergefahren werden. Hierzu wurde eine Firma hinzugezogen, die das Produkt auf Lastfahrzeugen aufnehmen und verbringen konnte.<\/p>\n<p>Der Zugang zum eigentlichen Brandherd in dem ersten Bunker gestaltete sich durchaus schwieriger. Nachdem eine Brandbek\u00e4mpfung mittels Schaum \u00fcber eine der Revisions\u00f6ffnungen auf dem Bunker durch einen Trupp unter umluftunabh\u00e4ngigem Atemschutz durchgef\u00fchrt wurde, musste das Produkt mit Hilfe eines Saugbaggers einer hinzugerufenen Spezialfirma abgesaugt werden. Mehrere Trupps unter Atemschutz unterst\u00fctzten dabei in Folge das Absaugen \u00fcber die \u00d6ffnungen auf dem Bunker. Nachdem die Absaugung von oben nicht mehr m\u00f6glich war, wurde der Kohlebunker mit einer Motors\u00e4ge (Multicut) an der Seite ge\u00f6ffnet und durch den seitlichen Zugang dann weiter entleert. Im Zuge dieser Ma\u00dfnahme waren immer wieder Trupps unter Atemschutz im Bunkerinneren und f\u00fchrten das Produkt der Absaugung zu. Immer wieder wurden das Produkt und die Bunker mit W\u00e4rmebildkameras auf ihre Temperaturentwicklung hin \u00fcberpr\u00fcft.<\/p>\n<p>Im Geb\u00e4ude wurde w\u00e4hrend des Einsatzes eine Dauerbel\u00fcftung hergestellt.<\/p>\n<p>F\u00fcr die geborgene Kohle aus den Bunkern wurde am Absch\u00fcttplatz vorsorglich der Brandschutz sichergestellt.<\/p>\n<p>Die Wasserversorgung wurde \u00fcber den angrenzenden Mittellandkanal und das \u00f6rtliche Hydrantennetz sichergestellt.<\/p>\n<p>Bei den L\u00f6scharbeiten wurde ein Feuerwehrmann leicht verletzt und vom Rettungsdienst in ein Krankenhaus verbracht.<\/p>\n<p>Im Einsatz befanden sich 52 Kameradinnen und Kameraden der Feuerwehr Ibbenb\u00fcren. Der Einsatz endete mit den Nacharbeiten an der Feuer- und Rettungswache gegen 23:00 Uhr.<\/p>\n\n\t\t<div id='gallery-1' class='gallery galleryid-21590 gallery-columns-4 gallery-size-thumbnail gallery1'><script type=\"text\/javascript\">\r\n\/\/ <![CDATA[\r\n\tjQuery(document).ready(function () {\r\n\t\tjQuery(\".gallery1 a\").attr(\"rel\",\"gallery1\");\t\r\n\t\tjQuery('a[rel=\"gallery1\"]').colorbox({maxWidth:\"95%\", maxHeight:\"95%\",title: function(){ return jQuery(this).children().attr(\"alt\"); }, });\r\n\t});\r\n\/\/ ]]>\r\n<\/script>\n<dl class=\"gallery-item\">\n<dt class=\"gallery-icon\">\r\n<a href=\"https:\/\/www.feuerwehr-ibbenbueren.de\/wp-content\/uploads\/2020\/07\/20200716_01.jpg\" title=\"\" rel=\"gallery1\"><img loading=\"lazy\" decoding=\"async\" src=\"https:\/\/www.feuerwehr-ibbenbueren.de\/wp-content\/uploads\/2020\/07\/20200716_01-150x150.jpg\" width=\"150\" height=\"150\" alt=\"\" \/><\/a>\r\n<\/dt><\/dl><dl class=\"gallery-item\">\n<dt class=\"gallery-icon\">\r\n<a href=\"https:\/\/www.feuerwehr-ibbenbueren.de\/wp-content\/uploads\/2020\/07\/20200716_02.jpg\" title=\"\" rel=\"gallery1\"><img loading=\"lazy\" decoding=\"async\" src=\"https:\/\/www.feuerwehr-ibbenbueren.de\/wp-content\/uploads\/2020\/07\/20200716_02-150x150.jpg\" width=\"150\" height=\"150\" alt=\"\" \/><\/a>\r\n<\/dt><\/dl><dl class=\"gallery-item\">\n<dt class=\"gallery-icon\">\r\n<a href=\"https:\/\/www.feuerwehr-ibbenbueren.de\/wp-content\/uploads\/2020\/07\/20200716_03.jpg\" title=\"\" rel=\"gallery1\"><img loading=\"lazy\" decoding=\"async\" src=\"https:\/\/www.feuerwehr-ibbenbueren.de\/wp-content\/uploads\/2020\/07\/20200716_03-150x150.jpg\" width=\"150\" height=\"150\" alt=\"\" \/><\/a>\r\n<\/dt><\/dl><dl class=\"gallery-item\">\n<dt class=\"gallery-icon\">\r\n<a href=\"https:\/\/www.feuerwehr-ibbenbueren.de\/wp-content\/uploads\/2020\/07\/20200716_04.jpg\" title=\"\" rel=\"gallery1\"><img loading=\"lazy\" decoding=\"async\" src=\"https:\/\/www.feuerwehr-ibbenbueren.de\/wp-content\/uploads\/2020\/07\/20200716_04-150x150.jpg\" width=\"150\" height=\"150\" alt=\"\" \/><\/a>\r\n<\/dt><\/dl><br style=\"clear: both\" \/><dl class=\"gallery-item\">\n<dt class=\"gallery-icon\">\r\n<a href=\"https:\/\/www.feuerwehr-ibbenbueren.de\/wp-content\/uploads\/2020\/07\/20200716_05.jpg\" title=\"\" rel=\"gallery1\"><img loading=\"lazy\" decoding=\"async\" src=\"https:\/\/www.feuerwehr-ibbenbueren.de\/wp-content\/uploads\/2020\/07\/20200716_05-150x150.jpg\" width=\"150\" height=\"150\" alt=\"\" \/><\/a>\r\n<\/dt><\/dl><dl class=\"gallery-item\">\n<dt class=\"gallery-icon\">\r\n<a href=\"https:\/\/www.feuerwehr-ibbenbueren.de\/wp-content\/uploads\/2020\/07\/20200716_06.jpg\" title=\"\" rel=\"gallery1\"><img loading=\"lazy\" decoding=\"async\" src=\"https:\/\/www.feuerwehr-ibbenbueren.de\/wp-content\/uploads\/2020\/07\/20200716_06-150x150.jpg\" width=\"150\" height=\"150\" alt=\"\" \/><\/a>\r\n<\/dt><\/dl><dl class=\"gallery-item\">\n<dt class=\"gallery-icon\">\r\n<a href=\"https:\/\/www.feuerwehr-ibbenbueren.de\/wp-content\/uploads\/2020\/07\/20200716_07.jpg\" title=\"\" rel=\"gallery1\"><img loading=\"lazy\" decoding=\"async\" src=\"https:\/\/www.feuerwehr-ibbenbueren.de\/wp-content\/uploads\/2020\/07\/20200716_07-150x150.jpg\" width=\"150\" height=\"150\" alt=\"\" \/><\/a>\r\n<\/dt><\/dl><dl class=\"gallery-item\">\n<dt class=\"gallery-icon\">\r\n<a href=\"https:\/\/www.feuerwehr-ibbenbueren.de\/wp-content\/uploads\/2020\/07\/20200716_08.jpg\" title=\"\" rel=\"gallery1\"><img loading=\"lazy\" decoding=\"async\" src=\"https:\/\/www.feuerwehr-ibbenbueren.de\/wp-content\/uploads\/2020\/07\/20200716_08-150x150.jpg\" width=\"150\" height=\"150\" alt=\"\" \/><\/a>\r\n<\/dt><\/dl><br style=\"clear: both\" \/><dl class=\"gallery-item\">\n<dt class=\"gallery-icon\">\r\n<a href=\"https:\/\/www.feuerwehr-ibbenbueren.de\/wp-content\/uploads\/2020\/07\/20200716_09.jpg\" title=\"\" rel=\"gallery1\"><img loading=\"lazy\" decoding=\"async\" src=\"https:\/\/www.feuerwehr-ibbenbueren.de\/wp-content\/uploads\/2020\/07\/20200716_09-150x150.jpg\" width=\"150\" height=\"150\" alt=\"\" \/><\/a>\r\n<\/dt><\/dl><dl class=\"gallery-item\">\n<dt class=\"gallery-icon\">\r\n<a href=\"https:\/\/www.feuerwehr-ibbenbueren.de\/wp-content\/uploads\/2020\/07\/20200716_10.jpg\" title=\"\" rel=\"gallery1\"><img loading=\"lazy\" decoding=\"async\" src=\"https:\/\/www.feuerwehr-ibbenbueren.de\/wp-content\/uploads\/2020\/07\/20200716_10-150x150.jpg\" width=\"150\" height=\"150\" alt=\"\" \/><\/a>\r\n<\/dt><\/dl><dl class=\"gallery-item\">\n<dt class=\"gallery-icon\">\r\n<a href=\"https:\/\/www.feuerwehr-ibbenbueren.de\/wp-content\/uploads\/2020\/07\/20200716_11.jpg\" title=\"\" rel=\"gallery1\"><img loading=\"lazy\" decoding=\"async\" src=\"https:\/\/www.feuerwehr-ibbenbueren.de\/wp-content\/uploads\/2020\/07\/20200716_11-150x150.jpg\" width=\"150\" height=\"150\" alt=\"\" \/><\/a>\r\n<\/dt><\/dl><dl class=\"gallery-item\">\n<dt class=\"gallery-icon\">\r\n<a href=\"https:\/\/www.feuerwehr-ibbenbueren.de\/wp-content\/uploads\/2020\/07\/20200716_12.jpg\" title=\"\" rel=\"gallery1\"><img loading=\"lazy\" decoding=\"async\" src=\"https:\/\/www.feuerwehr-ibbenbueren.de\/wp-content\/uploads\/2020\/07\/20200716_12-150x150.jpg\" width=\"150\" height=\"150\" alt=\"\" \/><\/a>\r\n<\/dt><\/dl><br style=\"clear: both\" \/><dl class=\"gallery-item\">\n<dt class=\"gallery-icon\">\r\n<a href=\"https:\/\/www.feuerwehr-ibbenbueren.de\/wp-content\/uploads\/2020\/07\/20200716_13.jpg\" title=\"\" rel=\"gallery1\"><img loading=\"lazy\" decoding=\"async\" src=\"https:\/\/www.feuerwehr-ibbenbueren.de\/wp-content\/uploads\/2020\/07\/20200716_13-150x150.jpg\" width=\"150\" height=\"150\" alt=\"\" \/><\/a>\r\n<\/dt><\/dl><dl class=\"gallery-item\">\n<dt class=\"gallery-icon\">\r\n<a href=\"https:\/\/www.feuerwehr-ibbenbueren.de\/wp-content\/uploads\/2020\/07\/20200716_14.jpg\" title=\"\" rel=\"gallery1\"><img loading=\"lazy\" decoding=\"async\" src=\"https:\/\/www.feuerwehr-ibbenbueren.de\/wp-content\/uploads\/2020\/07\/20200716_14-150x150.jpg\" width=\"150\" height=\"150\" alt=\"\" \/><\/a>\r\n<\/dt><\/dl>\r\n\t\t\t<br style='clear: both' \/>\r\n\t\t<\/div>\n\n<p><a href=\"https:\/\/www.ivz-aktuell.de\/Lokales\/7645640\/Schwelbrand-im-Kohlebunker-bei-der-Firma-Evers-Wassertechnik\" target=\"_blank\" rel=\"noopener noreferrer\">Link zum Bericht auf ivz-aktuell.de (nur f\u00fcr Abonnenten)<\/a><br \/>\n<a href=\"https:\/\/www.nwm-tv.de\/news\/news-anzeigen\/?news_id=14424\" target=\"_blank\" rel=\"noopener noreferrer\">Link zum Bericht auf Nordwest-Media TV<\/a><\/p>\n","protected":false},"excerpt":{"rendered":"<p>Einsatzbericht: Der Dienstbetrieb sowie die L\u00f6schz\u00fcge Stadtmitte 1 und 2 wurden am Donnerstagnachmittag zum Brand in einem 100-Tonnen-Kohlebunker nach Uffeln gerufen.<\/p>\n","protected":false},"author":3,"featured_media":21619,"comment_status":"open","ping_status":"open","sticky":false,"template":"","format":"standard","meta":{"footnotes":""},"categories":[10,5],"tags":[292,372,380],"class_list":["post-21590","post","type-post","status-publish","format-standard","has-post-thumbnail","hentry","category-alle-beitraege","category-einsaetze","tag-brand-gross","tag-dienstbetrieb-2020","tag-stadtmitte-1-und-2-2020"],"_links":{"self":[{"href":"https:\/\/www.feuerwehr-ibbenbueren.de\/index.php?rest_route=\/wp\/v2\/posts\/21590","targetHints":{"allow":["GET"]}}],"collection":[{"href":"https:\/\/www.feuerwehr-ibbenbueren.de\/index.php?rest_route=\/wp\/v2\/posts"}],"about":[{"href":"https:\/\/www.feuerwehr-ibbenbueren.de\/index.php?rest_route=\/wp\/v2\/types\/post"}],"author":[{"embeddable":true,"href":"https:\/\/www.feuerwehr-ibbenbueren.de\/index.php?rest_route=\/wp\/v2\/users\/3"}],"replies":[{"embeddable":true,"href":"https:\/\/www.feuerwehr-ibbenbueren.de\/index.php?rest_route=%2Fwp%2Fv2%2Fcomments&post=21590"}],"version-history":[{"count":21,"href":"https:\/\/www.feuerwehr-ibbenbueren.de\/index.php?rest_route=\/wp\/v2\/posts\/21590\/revisions"}],"predecessor-version":[{"id":21630,"href":"https:\/\/www.feuerwehr-ibbenbueren.de\/index.php?rest_route=\/wp\/v2\/posts\/21590\/revisions\/21630"}],"wp:featuredmedia":[{"embeddable":true,"href":"https:\/\/www.feuerwehr-ibbenbueren.de\/index.php?rest_route=\/wp\/v2\/media\/21619"}],"wp:attachment":[{"href":"https:\/\/www.feuerwehr-ibbenbueren.de\/index.php?rest_route=%2Fwp%2Fv2%2Fmedia&parent=21590"}],"wp:term":[{"taxonomy":"category","embeddable":true,"href":"https:\/\/www.feuerwehr-ibbenbueren.de\/index.php?rest_route=%2Fwp%2Fv2%2Fcategories&post=21590"},{"taxonomy":"post_tag","embeddable":true,"href":"https:\/\/www.feuerwehr-ibbenbueren.de\/index.php?rest_route=%2Fwp%2Fv2%2Ftags&post=21590"}],"curies":[{"name":"wp","href":"https:\/\/api.w.org\/{rel}","templated":true}]}}