{"id":22428,"date":"2020-10-22T11:25:58","date_gmt":"2020-10-22T09:25:58","guid":{"rendered":"https:\/\/www.feuerwehr-ibbenbueren.de\/?p=22428"},"modified":"2020-10-22T22:31:24","modified_gmt":"2020-10-22T20:31:24","slug":"bma-gerhardi-2-2-2-copy-copy-2-copy-copy-copy-copy-copy-copy","status":"publish","type":"post","link":"https:\/\/www.feuerwehr-ibbenbueren.de\/?p=22428","title":{"rendered":"BMA Klinikum Ibbenb\u00fcren, Betriebsst\u00e4tte St. Elisabeth"},"content":{"rendered":"<p><strong>Einsatzbericht:<\/strong> Der Dienstbetrieb und der L\u00f6schzug Stadtmitte 2 wurde zu einer ausgel\u00f6sten Brandmeldeanlage gerufen.<!--more--><\/p>\n<p>Kontrolle durch die Feuerwehr. Ausl\u00f6sung der Brandmeldeanlage (BMA) durch Bauarbeiten. Keine weiteren Kr\u00e4fte erforderlich, keine weiteren Ma\u00dfnahmen.<\/p>\n<p>Die Einsatzstelle wurde\u00a0dem Betreiber\u00a0\u00fcbergeben.<\/p>\n","protected":false},"excerpt":{"rendered":"<p>Einsatzbericht: Der Dienstbetrieb und der L\u00f6schzug Stadtmitte 2 wurde zu einer ausgel\u00f6sten Brandmeldeanlage gerufen.<\/p>\n","protected":false},"author":3,"featured_media":1832,"comment_status":"open","ping_status":"open","sticky":false,"template":"","format":"standard","meta":{"footnotes":""},"categories":[10,5],"tags":[67,372,373],"class_list":["post-22428","post","type-post","status-publish","format-standard","has-post-thumbnail","hentry","category-alle-beitraege","category-einsaetze","tag-bma","tag-dienstbetrieb-2020","tag-stadtmitte-2-2020"],"_links":{"self":[{"href":"https:\/\/www.feuerwehr-ibbenbueren.de\/index.php?rest_route=\/wp\/v2\/posts\/22428","targetHints":{"allow":["GET"]}}],"collection":[{"href":"https:\/\/www.feuerwehr-ibbenbueren.de\/index.php?rest_route=\/wp\/v2\/posts"}],"about":[{"href":"https:\/\/www.feuerwehr-ibbenbueren.de\/index.php?rest_route=\/wp\/v2\/types\/post"}],"author":[{"embeddable":true,"href":"https:\/\/www.feuerwehr-ibbenbueren.de\/index.php?rest_route=\/wp\/v2\/users\/3"}],"replies":[{"embeddable":true,"href":"https:\/\/www.feuerwehr-ibbenbueren.de\/index.php?rest_route=%2Fwp%2Fv2%2Fcomments&post=22428"}],"version-history":[{"count":4,"href":"https:\/\/www.feuerwehr-ibbenbueren.de\/index.php?rest_route=\/wp\/v2\/posts\/22428\/revisions"}],"predecessor-version":[{"id":22436,"href":"https:\/\/www.feuerwehr-ibbenbueren.de\/index.php?rest_route=\/wp\/v2\/posts\/22428\/revisions\/22436"}],"wp:featuredmedia":[{"embeddable":true,"href":"https:\/\/www.feuerwehr-ibbenbueren.de\/index.php?rest_route=\/wp\/v2\/media\/1832"}],"wp:attachment":[{"href":"https:\/\/www.feuerwehr-ibbenbueren.de\/index.php?rest_route=%2Fwp%2Fv2%2Fmedia&parent=22428"}],"wp:term":[{"taxonomy":"category","embeddable":true,"href":"https:\/\/www.feuerwehr-ibbenbueren.de\/index.php?rest_route=%2Fwp%2Fv2%2Fcategories&post=22428"},{"taxonomy":"post_tag","embeddable":true,"href":"https:\/\/www.feuerwehr-ibbenbueren.de\/index.php?rest_route=%2Fwp%2Fv2%2Ftags&post=22428"}],"curies":[{"name":"wp","href":"https:\/\/api.w.org\/{rel}","templated":true}]}}