{"id":22439,"date":"2020-10-23T10:25:03","date_gmt":"2020-10-23T08:25:03","guid":{"rendered":"https:\/\/www.feuerwehr-ibbenbueren.de\/?p=22439"},"modified":"2020-10-23T12:35:53","modified_gmt":"2020-10-23T10:35:53","slug":"betriebsstoffe-aufnehmen-3-2-3-3-3-3-2-3-12-3-2-2-4-2-2-3-5-2-2-2-2-2-2-copy-copy-copy-copy-copy-copy-copy-copy-2-copy-copy-2-copy-2-copy-2-copy-3-copy-copy-copy-copy-copy-copy-copy-copy-copy-3-cop-94","status":"publish","type":"post","link":"https:\/\/www.feuerwehr-ibbenbueren.de\/?p=22439","title":{"rendered":"\u00d6l auf Gew\u00e4sser"},"content":{"rendered":"<p><strong>Einsatzbericht:<\/strong> Der Dienstbetrieb und der L\u00f6schzug Stadtmitte 1 wurden zu Oelfilm auf Gew\u00e4sser alarmiert. <!--more--><\/p>\n<p>Im Bereich der Gravenhorster Stra\u00dfe\/ Bekassinenweg ist es zu einer Verunreinigung auf der Ibbenb\u00fcrener Aa und einem Regenr\u00fcckhaltebecken gekommen.<\/p>\n<p>Die Feuerwehr setzte \u00d6lstopschl\u00e4uche um eine Ausbreitung der Verschmutzung zu verhindern.<\/p>\n<p>Die Einsatzstelle wurde den zust\u00e4ndigen Beh\u00f6rden \u00fcbergeben.<\/p>\n","protected":false},"excerpt":{"rendered":"<p>Einsatzbericht: Der Dienstbetrieb und der L\u00f6schzug Stadtmitte 1 wurden zu Oelfilm auf Gew\u00e4sser alarmiert.<\/p>\n","protected":false},"author":7,"featured_media":3024,"comment_status":"open","ping_status":"open","sticky":false,"template":"","format":"standard","meta":{"footnotes":""},"categories":[10,5],"tags":[372,80,371,73],"class_list":["post-22439","post","type-post","status-publish","format-standard","has-post-thumbnail","hentry","category-alle-beitraege","category-einsaetze","tag-dienstbetrieb-2020","tag-oel","tag-stadtmitte-1-2020","tag-th"],"_links":{"self":[{"href":"https:\/\/www.feuerwehr-ibbenbueren.de\/index.php?rest_route=\/wp\/v2\/posts\/22439","targetHints":{"allow":["GET"]}}],"collection":[{"href":"https:\/\/www.feuerwehr-ibbenbueren.de\/index.php?rest_route=\/wp\/v2\/posts"}],"about":[{"href":"https:\/\/www.feuerwehr-ibbenbueren.de\/index.php?rest_route=\/wp\/v2\/types\/post"}],"author":[{"embeddable":true,"href":"https:\/\/www.feuerwehr-ibbenbueren.de\/index.php?rest_route=\/wp\/v2\/users\/7"}],"replies":[{"embeddable":true,"href":"https:\/\/www.feuerwehr-ibbenbueren.de\/index.php?rest_route=%2Fwp%2Fv2%2Fcomments&post=22439"}],"version-history":[{"count":1,"href":"https:\/\/www.feuerwehr-ibbenbueren.de\/index.php?rest_route=\/wp\/v2\/posts\/22439\/revisions"}],"predecessor-version":[{"id":22440,"href":"https:\/\/www.feuerwehr-ibbenbueren.de\/index.php?rest_route=\/wp\/v2\/posts\/22439\/revisions\/22440"}],"wp:featuredmedia":[{"embeddable":true,"href":"https:\/\/www.feuerwehr-ibbenbueren.de\/index.php?rest_route=\/wp\/v2\/media\/3024"}],"wp:attachment":[{"href":"https:\/\/www.feuerwehr-ibbenbueren.de\/index.php?rest_route=%2Fwp%2Fv2%2Fmedia&parent=22439"}],"wp:term":[{"taxonomy":"category","embeddable":true,"href":"https:\/\/www.feuerwehr-ibbenbueren.de\/index.php?rest_route=%2Fwp%2Fv2%2Fcategories&post=22439"},{"taxonomy":"post_tag","embeddable":true,"href":"https:\/\/www.feuerwehr-ibbenbueren.de\/index.php?rest_route=%2Fwp%2Fv2%2Ftags&post=22439"}],"curies":[{"name":"wp","href":"https:\/\/api.w.org\/{rel}","templated":true}]}}