{"id":22552,"date":"2020-11-05T14:36:07","date_gmt":"2020-11-05T13:36:07","guid":{"rendered":"https:\/\/www.feuerwehr-ibbenbueren.de\/?p=22552"},"modified":"2020-11-06T17:18:42","modified_gmt":"2020-11-06T16:18:42","slug":"th-klein-2-copy-copy-copy-copy-copy-copy-copy-copy-2-copy-4-copy-copy-copy-copy-2-copy-copy-copy-copy-copy-copy-copy-copy-2","status":"publish","type":"post","link":"https:\/\/www.feuerwehr-ibbenbueren.de\/?p=22552","title":{"rendered":"Pkw-Brand"},"content":{"rendered":"<p><strong>Einsatzbericht:<\/strong> Der Dienstbetrieb wurde zu einem Pkw-Brand an der M\u00fcnsterstra\u00dfe alarmiert. <!--more--><\/p>\n<p>Ein in Vollbrand stehender PKW wurde von der Feuerwehr mit einem Angriffstrupp unter umluftunabh\u00e4ngigem Atemschutz abgel\u00f6scht.<\/p>\n<p>F\u00fcr die Dauer der L\u00f6schma\u00dfnahmen war die M\u00fcnsterstra\u00dfe in beiden Fahrtrichtungen gesperrt.<\/p>\n<p>\u00dcbergabe der Einsatzstelle an die Polizei.<\/p>\n<p>&nbsp;<\/p>\n<p><a href=\"https:\/\/www2.ivz-aktuell.de\/articles\/37753\/auto-brennt-auf-der-b219?sort=1\" target=\"_blank\" rel=\"noopener noreferrer\">Link zum Onlinebericht der IVZ (nur f\u00fcr Abonnenten)\u00a0<\/a><\/p>\n","protected":false},"excerpt":{"rendered":"<p>Einsatzbericht: Der Dienstbetrieb wurde zu einem Pkw-Brand an der M\u00fcnsterstra\u00dfe alarmiert.<\/p>\n","protected":false},"author":8,"featured_media":3023,"comment_status":"open","ping_status":"open","sticky":false,"template":"","format":"standard","meta":{"footnotes":""},"categories":[10,5],"tags":[71,378,139],"class_list":["post-22552","post","type-post","status-publish","format-standard","has-post-thumbnail","hentry","category-alle-beitraege","category-einsaetze","tag-feuer","tag-nur-dienstbetrieb-2020","tag-pkw-brand"],"_links":{"self":[{"href":"https:\/\/www.feuerwehr-ibbenbueren.de\/index.php?rest_route=\/wp\/v2\/posts\/22552","targetHints":{"allow":["GET"]}}],"collection":[{"href":"https:\/\/www.feuerwehr-ibbenbueren.de\/index.php?rest_route=\/wp\/v2\/posts"}],"about":[{"href":"https:\/\/www.feuerwehr-ibbenbueren.de\/index.php?rest_route=\/wp\/v2\/types\/post"}],"author":[{"embeddable":true,"href":"https:\/\/www.feuerwehr-ibbenbueren.de\/index.php?rest_route=\/wp\/v2\/users\/8"}],"replies":[{"embeddable":true,"href":"https:\/\/www.feuerwehr-ibbenbueren.de\/index.php?rest_route=%2Fwp%2Fv2%2Fcomments&post=22552"}],"version-history":[{"count":4,"href":"https:\/\/www.feuerwehr-ibbenbueren.de\/index.php?rest_route=\/wp\/v2\/posts\/22552\/revisions"}],"predecessor-version":[{"id":22559,"href":"https:\/\/www.feuerwehr-ibbenbueren.de\/index.php?rest_route=\/wp\/v2\/posts\/22552\/revisions\/22559"}],"wp:featuredmedia":[{"embeddable":true,"href":"https:\/\/www.feuerwehr-ibbenbueren.de\/index.php?rest_route=\/wp\/v2\/media\/3023"}],"wp:attachment":[{"href":"https:\/\/www.feuerwehr-ibbenbueren.de\/index.php?rest_route=%2Fwp%2Fv2%2Fmedia&parent=22552"}],"wp:term":[{"taxonomy":"category","embeddable":true,"href":"https:\/\/www.feuerwehr-ibbenbueren.de\/index.php?rest_route=%2Fwp%2Fv2%2Fcategories&post=22552"},{"taxonomy":"post_tag","embeddable":true,"href":"https:\/\/www.feuerwehr-ibbenbueren.de\/index.php?rest_route=%2Fwp%2Fv2%2Ftags&post=22552"}],"curies":[{"name":"wp","href":"https:\/\/api.w.org\/{rel}","templated":true}]}}