{"id":22586,"date":"2020-11-10T12:49:50","date_gmt":"2020-11-10T11:49:50","guid":{"rendered":"https:\/\/www.feuerwehr-ibbenbueren.de\/?p=22586"},"modified":"2020-11-10T12:56:46","modified_gmt":"2020-11-10T11:56:46","slug":"stefan-steinigeweg-weiter-im-amt-2-2-2-copy-copy-copy-2-copy-copy-copy-2-copy-3-copy","status":"publish","type":"post","link":"https:\/\/www.feuerwehr-ibbenbueren.de\/?p=22586","title":{"rendered":"Bundesweiter Rauchwarnmeldertag"},"content":{"rendered":"<p>Noch immer sind nur rund die H\u00e4lfte aller selbst genutzten Eigenheime in Deutschland mit Rauchwarnmelder ausgestattet. Kommt es beispielsweise zu einem n\u00e4chtlichen Brand, kann ein Rauchwarnmelder zum wahren Lebensretter werden.<!--more--><\/p>\n<p>\u201eFreitag der 13. k\u00f6nnte ihr Gl\u00fcckstag sein\u201c, lautet daher das Motto des wiederkehrenden Aktionstages, der diesmal am 13. November stattfindet.<\/p>\n<p>Anl\u00e4sslich des Aktionstages weisen die Provinzial Versicherungen und der Verband der Feuerwehren in NRW alle Haus- und Wohnungseigent\u00fcmer in Nordrhein-Westfalen auf die bestehende Installationspflicht f\u00fcr Rauchwarnmelder hin. \u201eVergessen sollte man aber auch nicht,\u00a0installierte Ger\u00e4te gem\u00e4\u00df Herstellerangaben, mindestens jedoch einmal j\u00e4hrlich, auf ihre Funktionsf\u00e4higkeit zu \u00fcberpr\u00fcfen\u201c, erinnert Tristan Krieger, Referent f\u00fcr Brandschutzerziehung und -aufkl\u00e4rung beim Verband der Feuerwehren in NRW (VdF NRW). Denn nur so k\u00f6nne die wichtige Betriebsbereitschaft sichergestellt werden.<\/p>\n<p><b>Tipps zur Wartung und Alarm-Beispielt\u00f6ne<\/b><\/p>\n<p><b><\/b>Wertvolle Tipps zur richtigen Pflege sowie Beispiele f\u00fcr Alarm- und Batteriewarnt\u00f6ne von Rauchwarnmeldern sind auf den Internetseiten der Initiative \u201eRauchmelder retten Leben\u201c\u00a0<a href=\"http:\/\/www.rauchmelder-lebensretter.de\/installation-und-wartung\/rauchmelder-alarmtoene\/\">www.rauchmelder-lebensretter.de\/installation-und-wartung\/rauchmelder-alarmtoene\/<\/a>\u00a0sowie auf\u00a0<a href=\"http:\/\/www.sicherheitserziehung.de\/\">www.sicherheitserziehung.de<\/a>\u00a0abrufbar. So kann sicher festgestellt werden, ob nur die Batterie des Rauchwarnmelders schwach ist und als Folge der Melder einen Warnton abgibt zwecks Austausch, oder ob es sich um einen echten Alarm handelt. Auf der gemeinsamen Internetseite\u00a0<a href=\"http:\/\/www.sicherheitserziehung.de\/\">www.sicherheitserziehung.de<\/a>\u00a0der Provinzial und des VdF NRW finden Interessierte weitere n\u00fctzliche Tipps rund um das Thema Rauchwarnmelder.<\/p>\n<p><b>Interessant zu wissen:<\/b><b><\/b><\/p>\n<p>Den Rauchwarnmeldertag\u00a0gibt es seit 2006. Sein Motto lautet: \u201eFreitag der 13. k\u00f6nnte Ihr Gl\u00fcckstag sein\u201c. Im kommenden Jahr findet der Rauchwarnmeldertag am\u00a013. August 2021 statt.<\/p>\n<p><a href=\"https:\/\/www.vdf-nrw.de\/\" target=\"_blank\" rel=\"noopener noreferrer\">Quelle Text und Bild: Verband der Feuerwehren in NRW<\/a><\/p>\n\n\t\t<div id='gallery-1' class='gallery galleryid-22586 gallery-columns-4 gallery-size-thumbnail gallery1'><script type=\"text\/javascript\">\r\n\/\/ <![CDATA[\r\n\tjQuery(document).ready(function () {\r\n\t\tjQuery(\".gallery1 a\").attr(\"rel\",\"gallery1\");\t\r\n\t\tjQuery('a[rel=\"gallery1\"]').colorbox({maxWidth:\"95%\", maxHeight:\"95%\",title: function(){ return jQuery(this).children().attr(\"alt\"); }, });\r\n\t});\r\n\/\/ ]]>\r\n<\/script>\n<dl class=\"gallery-item\">\n<dt class=\"gallery-icon\">\r\n<a href=\"https:\/\/www.feuerwehr-ibbenbueren.de\/wp-content\/uploads\/2020\/11\/Rauchmeldertag_VDFNRW_10112020.jpg\" title=\"\" rel=\"gallery1\"><img loading=\"lazy\" decoding=\"async\" src=\"https:\/\/www.feuerwehr-ibbenbueren.de\/wp-content\/uploads\/2020\/11\/Rauchmeldertag_VDFNRW_10112020-150x150.jpg\" width=\"150\" height=\"150\" alt=\"\" \/><\/a>\r\n<\/dt><\/dl>\r\n\t\t\t<br style='clear: both' \/>\r\n\t\t<\/div>\n\n<p>&nbsp;<\/p>\n","protected":false},"excerpt":{"rendered":"<p>Noch immer sind nur rund die H\u00e4lfte aller selbst genutzten Eigenheime in Deutschland mit Rauchwarnmelder ausgestattet. Kommt es beispielsweise zu einem n\u00e4chtlichen Brand, kann ein Rauchwarnmelder zum wahren Lebensretter werden.<\/p>\n","protected":false},"author":3,"featured_media":22587,"comment_status":"closed","ping_status":"closed","sticky":false,"template":"","format":"standard","meta":{"footnotes":""},"categories":[10,8],"tags":[119,248,254,406],"class_list":["post-22586","post","type-post","status-publish","format-standard","has-post-thumbnail","hentry","category-alle-beitraege","category-information","tag-information","tag-rauchmelder","tag-rauchmelderpflicht","tag-vdf-nrw"],"_links":{"self":[{"href":"https:\/\/www.feuerwehr-ibbenbueren.de\/index.php?rest_route=\/wp\/v2\/posts\/22586","targetHints":{"allow":["GET"]}}],"collection":[{"href":"https:\/\/www.feuerwehr-ibbenbueren.de\/index.php?rest_route=\/wp\/v2\/posts"}],"about":[{"href":"https:\/\/www.feuerwehr-ibbenbueren.de\/index.php?rest_route=\/wp\/v2\/types\/post"}],"author":[{"embeddable":true,"href":"https:\/\/www.feuerwehr-ibbenbueren.de\/index.php?rest_route=\/wp\/v2\/users\/3"}],"replies":[{"embeddable":true,"href":"https:\/\/www.feuerwehr-ibbenbueren.de\/index.php?rest_route=%2Fwp%2Fv2%2Fcomments&post=22586"}],"version-history":[{"count":1,"href":"https:\/\/www.feuerwehr-ibbenbueren.de\/index.php?rest_route=\/wp\/v2\/posts\/22586\/revisions"}],"predecessor-version":[{"id":22588,"href":"https:\/\/www.feuerwehr-ibbenbueren.de\/index.php?rest_route=\/wp\/v2\/posts\/22586\/revisions\/22588"}],"wp:featuredmedia":[{"embeddable":true,"href":"https:\/\/www.feuerwehr-ibbenbueren.de\/index.php?rest_route=\/wp\/v2\/media\/22587"}],"wp:attachment":[{"href":"https:\/\/www.feuerwehr-ibbenbueren.de\/index.php?rest_route=%2Fwp%2Fv2%2Fmedia&parent=22586"}],"wp:term":[{"taxonomy":"category","embeddable":true,"href":"https:\/\/www.feuerwehr-ibbenbueren.de\/index.php?rest_route=%2Fwp%2Fv2%2Fcategories&post=22586"},{"taxonomy":"post_tag","embeddable":true,"href":"https:\/\/www.feuerwehr-ibbenbueren.de\/index.php?rest_route=%2Fwp%2Fv2%2Ftags&post=22586"}],"curies":[{"name":"wp","href":"https:\/\/api.w.org\/{rel}","templated":true}]}}