{"id":23297,"date":"2021-01-21T07:30:41","date_gmt":"2021-01-21T06:30:41","guid":{"rendered":"https:\/\/www.feuerwehr-ibbenbueren.de\/?p=23297"},"modified":"2021-01-21T20:04:04","modified_gmt":"2021-01-21T19:04:04","slug":"th-klein-2-copy-copy-copy-copy-copy-copy-2-copy-copy-3-copy-copy-2-copy-copy-copy-2-copy-copy-copy-2-copy-copy-2-copy-copy-2-copy-copy","status":"publish","type":"post","link":"https:\/\/www.feuerwehr-ibbenbueren.de\/?p=23297","title":{"rendered":"Baum Stra\u00dfe"},"content":{"rendered":"<p><strong>Einsatzbericht:<\/strong> Der L\u00f6schzug Stadtmitte 1 wurde mit dem Stichwort &#8222;Baum Stra\u00dfe&#8220; alarmiert. <!--more--><\/p>\n<p>Ein Baum, der quer \u00fcber der Stra\u00dfe lag, wurde beseitigt und die Stra\u00dfe danach gereinigt.<\/p>\n","protected":false},"excerpt":{"rendered":"<p>Einsatzbericht: Der L\u00f6schzug Stadtmitte 1 wurde mit dem Stichwort &#8222;Baum Stra\u00dfe&#8220; alarmiert.<\/p>\n","protected":false},"author":2,"featured_media":1829,"comment_status":"open","ping_status":"open","sticky":false,"template":"","format":"standard","meta":{"footnotes":""},"categories":[10,5],"tags":[112,412,73],"class_list":["post-23297","post","type-post","status-publish","format-standard","has-post-thumbnail","hentry","category-alle-beitraege","category-einsaetze","tag-baum","tag-stadtmitte-1-2021","tag-th"],"_links":{"self":[{"href":"https:\/\/www.feuerwehr-ibbenbueren.de\/index.php?rest_route=\/wp\/v2\/posts\/23297","targetHints":{"allow":["GET"]}}],"collection":[{"href":"https:\/\/www.feuerwehr-ibbenbueren.de\/index.php?rest_route=\/wp\/v2\/posts"}],"about":[{"href":"https:\/\/www.feuerwehr-ibbenbueren.de\/index.php?rest_route=\/wp\/v2\/types\/post"}],"author":[{"embeddable":true,"href":"https:\/\/www.feuerwehr-ibbenbueren.de\/index.php?rest_route=\/wp\/v2\/users\/2"}],"replies":[{"embeddable":true,"href":"https:\/\/www.feuerwehr-ibbenbueren.de\/index.php?rest_route=%2Fwp%2Fv2%2Fcomments&post=23297"}],"version-history":[{"count":5,"href":"https:\/\/www.feuerwehr-ibbenbueren.de\/index.php?rest_route=\/wp\/v2\/posts\/23297\/revisions"}],"predecessor-version":[{"id":23319,"href":"https:\/\/www.feuerwehr-ibbenbueren.de\/index.php?rest_route=\/wp\/v2\/posts\/23297\/revisions\/23319"}],"wp:featuredmedia":[{"embeddable":true,"href":"https:\/\/www.feuerwehr-ibbenbueren.de\/index.php?rest_route=\/wp\/v2\/media\/1829"}],"wp:attachment":[{"href":"https:\/\/www.feuerwehr-ibbenbueren.de\/index.php?rest_route=%2Fwp%2Fv2%2Fmedia&parent=23297"}],"wp:term":[{"taxonomy":"category","embeddable":true,"href":"https:\/\/www.feuerwehr-ibbenbueren.de\/index.php?rest_route=%2Fwp%2Fv2%2Fcategories&post=23297"},{"taxonomy":"post_tag","embeddable":true,"href":"https:\/\/www.feuerwehr-ibbenbueren.de\/index.php?rest_route=%2Fwp%2Fv2%2Ftags&post=23297"}],"curies":[{"name":"wp","href":"https:\/\/api.w.org\/{rel}","templated":true}]}}