{"id":23476,"date":"2021-02-08T16:40:34","date_gmt":"2021-02-08T15:40:34","guid":{"rendered":"https:\/\/www.feuerwehr-ibbenbueren.de\/?p=23476"},"modified":"2021-02-08T23:33:08","modified_gmt":"2021-02-08T22:33:08","slug":"kleinbrand-2-2-4-3-3-2-2-2-3-2-4-3-2-2-copy-3-copy-copy-2-copy-3-copy-copy-copy-copy-2-copy-copy","status":"publish","type":"post","link":"https:\/\/www.feuerwehr-ibbenbueren.de\/?p=23476","title":{"rendered":"BMA W\u00e4scherei Elis ehem. Sch\u00e4fer"},"content":{"rendered":"<p><strong>Einsatzbericht:\u00a0<\/strong>Der Dienstbetrieb und der L\u00f6schzug Stadtmitte 1 wurden zu einer ausgel\u00f6sten Brandmeldeanlage bei der W\u00e4scherei Elis gerufen.<!--more--><\/p>\n<p>Die Brandmeldeanlage (BMA) wurde durch einen Wasserrohrbruch ausgel\u00f6st. Kontrolle durch die Feuerwehr. Keine weiteren Ma\u00dfnahmen.<\/p>\n<p>Die Anlage wurde dem Betreiber \u00fcbergeben.<\/p>\n","protected":false},"excerpt":{"rendered":"<p>Einsatzbericht:\u00a0Der Dienstbetrieb und der L\u00f6schzug Stadtmitte 1 wurden zu einer ausgel\u00f6sten Brandmeldeanlage bei der W\u00e4scherei Elis gerufen.<\/p>\n","protected":false},"author":8,"featured_media":3025,"comment_status":"open","ping_status":"open","sticky":false,"template":"","format":"standard","meta":{"footnotes":""},"categories":[10,5],"tags":[67,410,412],"class_list":["post-23476","post","type-post","status-publish","format-standard","has-post-thumbnail","hentry","category-alle-beitraege","category-einsaetze","tag-bma","tag-dienstbetrieb-2021","tag-stadtmitte-1-2021"],"_links":{"self":[{"href":"https:\/\/www.feuerwehr-ibbenbueren.de\/index.php?rest_route=\/wp\/v2\/posts\/23476","targetHints":{"allow":["GET"]}}],"collection":[{"href":"https:\/\/www.feuerwehr-ibbenbueren.de\/index.php?rest_route=\/wp\/v2\/posts"}],"about":[{"href":"https:\/\/www.feuerwehr-ibbenbueren.de\/index.php?rest_route=\/wp\/v2\/types\/post"}],"author":[{"embeddable":true,"href":"https:\/\/www.feuerwehr-ibbenbueren.de\/index.php?rest_route=\/wp\/v2\/users\/8"}],"replies":[{"embeddable":true,"href":"https:\/\/www.feuerwehr-ibbenbueren.de\/index.php?rest_route=%2Fwp%2Fv2%2Fcomments&post=23476"}],"version-history":[{"count":1,"href":"https:\/\/www.feuerwehr-ibbenbueren.de\/index.php?rest_route=\/wp\/v2\/posts\/23476\/revisions"}],"predecessor-version":[{"id":23477,"href":"https:\/\/www.feuerwehr-ibbenbueren.de\/index.php?rest_route=\/wp\/v2\/posts\/23476\/revisions\/23477"}],"wp:featuredmedia":[{"embeddable":true,"href":"https:\/\/www.feuerwehr-ibbenbueren.de\/index.php?rest_route=\/wp\/v2\/media\/3025"}],"wp:attachment":[{"href":"https:\/\/www.feuerwehr-ibbenbueren.de\/index.php?rest_route=%2Fwp%2Fv2%2Fmedia&parent=23476"}],"wp:term":[{"taxonomy":"category","embeddable":true,"href":"https:\/\/www.feuerwehr-ibbenbueren.de\/index.php?rest_route=%2Fwp%2Fv2%2Fcategories&post=23476"},{"taxonomy":"post_tag","embeddable":true,"href":"https:\/\/www.feuerwehr-ibbenbueren.de\/index.php?rest_route=%2Fwp%2Fv2%2Ftags&post=23476"}],"curies":[{"name":"wp","href":"https:\/\/api.w.org\/{rel}","templated":true}]}}