{"id":24171,"date":"2021-04-26T08:36:16","date_gmt":"2021-04-26T06:36:16","guid":{"rendered":"https:\/\/www.feuerwehr-ibbenbueren.de\/?p=24171"},"modified":"2021-04-26T10:09:45","modified_gmt":"2021-04-26T08:09:45","slug":"betriebsstoffe-aufnehmen-2-2-2-2-4-2-2-2-2-2-2-4-2-2-4-copy-copy-4","status":"publish","type":"post","link":"https:\/\/www.feuerwehr-ibbenbueren.de\/?p=24171","title":{"rendered":"Person im Aufzug"},"content":{"rendered":"<p><strong>Einsatzbericht:\u00a0<\/strong>Der Dienstbetrieb wurde zu Person im Aufzug alarmiert.<!--more--><\/p>\n<p>Aufzugt\u00fcr wurde von der Feuerwehr ge\u00f6ffnet, Person wohlauf, kein Einsatz f\u00fcr den Rettungsdienst.<\/p>\n<p>Einsatzstelle dem Hausmeister \u00fcbergeben.<\/p>\n<p>&nbsp;<\/p>\n","protected":false},"excerpt":{"rendered":"<p>Einsatzbericht:\u00a0Der Dienstbetrieb wurde zu Person im Aufzug alarmiert.<\/p>\n","protected":false},"author":8,"featured_media":1829,"comment_status":"open","ping_status":"open","sticky":false,"template":"","format":"standard","meta":{"footnotes":""},"categories":[10,5],"tags":[409,195,73],"class_list":["post-24171","post","type-post","status-publish","format-standard","has-post-thumbnail","hentry","category-alle-beitraege","category-einsaetze","tag-nur-dienstbetrieb-2021","tag-sonstige","tag-th"],"_links":{"self":[{"href":"https:\/\/www.feuerwehr-ibbenbueren.de\/index.php?rest_route=\/wp\/v2\/posts\/24171","targetHints":{"allow":["GET"]}}],"collection":[{"href":"https:\/\/www.feuerwehr-ibbenbueren.de\/index.php?rest_route=\/wp\/v2\/posts"}],"about":[{"href":"https:\/\/www.feuerwehr-ibbenbueren.de\/index.php?rest_route=\/wp\/v2\/types\/post"}],"author":[{"embeddable":true,"href":"https:\/\/www.feuerwehr-ibbenbueren.de\/index.php?rest_route=\/wp\/v2\/users\/8"}],"replies":[{"embeddable":true,"href":"https:\/\/www.feuerwehr-ibbenbueren.de\/index.php?rest_route=%2Fwp%2Fv2%2Fcomments&post=24171"}],"version-history":[{"count":1,"href":"https:\/\/www.feuerwehr-ibbenbueren.de\/index.php?rest_route=\/wp\/v2\/posts\/24171\/revisions"}],"predecessor-version":[{"id":24172,"href":"https:\/\/www.feuerwehr-ibbenbueren.de\/index.php?rest_route=\/wp\/v2\/posts\/24171\/revisions\/24172"}],"wp:featuredmedia":[{"embeddable":true,"href":"https:\/\/www.feuerwehr-ibbenbueren.de\/index.php?rest_route=\/wp\/v2\/media\/1829"}],"wp:attachment":[{"href":"https:\/\/www.feuerwehr-ibbenbueren.de\/index.php?rest_route=%2Fwp%2Fv2%2Fmedia&parent=24171"}],"wp:term":[{"taxonomy":"category","embeddable":true,"href":"https:\/\/www.feuerwehr-ibbenbueren.de\/index.php?rest_route=%2Fwp%2Fv2%2Fcategories&post=24171"},{"taxonomy":"post_tag","embeddable":true,"href":"https:\/\/www.feuerwehr-ibbenbueren.de\/index.php?rest_route=%2Fwp%2Fv2%2Ftags&post=24171"}],"curies":[{"name":"wp","href":"https:\/\/api.w.org\/{rel}","templated":true}]}}