{"id":24196,"date":"2021-05-02T17:49:34","date_gmt":"2021-05-02T15:49:34","guid":{"rendered":"https:\/\/www.feuerwehr-ibbenbueren.de\/?p=24196"},"modified":"2021-06-18T20:53:37","modified_gmt":"2021-06-18T18:53:37","slug":"kleinbrand-2-2-4-3-3-2-2-2-copy-copy-2-copy-2-copy-2-copy-copy-copy-3-copy-copy-copy-copy-2-copy-2-copy-2-copy-2-copy-copy-2-copy-2-copy-2-copy-copy-copy-2-copy-copy","status":"publish","type":"post","link":"https:\/\/www.feuerwehr-ibbenbueren.de\/?p=24196","title":{"rendered":"BMA ZUE Schwarzer Weg"},"content":{"rendered":"<p><strong>Einsatzbericht:\u00a0<\/strong>Der L\u00f6schzug Stadtmitte 2 wurde zu einer ausgel\u00f6sten Brandmeldeanlage (BMA) zur Zentralen Unterbringungseinrichtung f\u00fcr Fl\u00fcchtlinge (ZUE) gerufen. <!--more--><\/p>\n<p>Der betroffene Bereich wurde kontrolliert, keine Feststellung. Die Anlage wurde dem Betreiber der Einrichtung \u00fcbergeben.<\/p>\n","protected":false},"excerpt":{"rendered":"<p>Einsatzbericht:\u00a0Der L\u00f6schzug Stadtmitte 2 wurde zu einer ausgel\u00f6sten Brandmeldeanlage (BMA) zur Zentralen Unterbringungseinrichtung f\u00fcr Fl\u00fcchtlinge (ZUE) gerufen.<\/p>\n","protected":false},"author":7,"featured_media":3025,"comment_status":"open","ping_status":"open","sticky":false,"template":"","format":"standard","meta":{"footnotes":""},"categories":[10,5],"tags":[67,411],"class_list":["post-24196","post","type-post","status-publish","format-standard","has-post-thumbnail","hentry","category-alle-beitraege","category-einsaetze","tag-bma","tag-stadtmitte-2-2021"],"_links":{"self":[{"href":"https:\/\/www.feuerwehr-ibbenbueren.de\/index.php?rest_route=\/wp\/v2\/posts\/24196","targetHints":{"allow":["GET"]}}],"collection":[{"href":"https:\/\/www.feuerwehr-ibbenbueren.de\/index.php?rest_route=\/wp\/v2\/posts"}],"about":[{"href":"https:\/\/www.feuerwehr-ibbenbueren.de\/index.php?rest_route=\/wp\/v2\/types\/post"}],"author":[{"embeddable":true,"href":"https:\/\/www.feuerwehr-ibbenbueren.de\/index.php?rest_route=\/wp\/v2\/users\/7"}],"replies":[{"embeddable":true,"href":"https:\/\/www.feuerwehr-ibbenbueren.de\/index.php?rest_route=%2Fwp%2Fv2%2Fcomments&post=24196"}],"version-history":[{"count":3,"href":"https:\/\/www.feuerwehr-ibbenbueren.de\/index.php?rest_route=\/wp\/v2\/posts\/24196\/revisions"}],"predecessor-version":[{"id":24526,"href":"https:\/\/www.feuerwehr-ibbenbueren.de\/index.php?rest_route=\/wp\/v2\/posts\/24196\/revisions\/24526"}],"wp:featuredmedia":[{"embeddable":true,"href":"https:\/\/www.feuerwehr-ibbenbueren.de\/index.php?rest_route=\/wp\/v2\/media\/3025"}],"wp:attachment":[{"href":"https:\/\/www.feuerwehr-ibbenbueren.de\/index.php?rest_route=%2Fwp%2Fv2%2Fmedia&parent=24196"}],"wp:term":[{"taxonomy":"category","embeddable":true,"href":"https:\/\/www.feuerwehr-ibbenbueren.de\/index.php?rest_route=%2Fwp%2Fv2%2Fcategories&post=24196"},{"taxonomy":"post_tag","embeddable":true,"href":"https:\/\/www.feuerwehr-ibbenbueren.de\/index.php?rest_route=%2Fwp%2Fv2%2Ftags&post=24196"}],"curies":[{"name":"wp","href":"https:\/\/api.w.org\/{rel}","templated":true}]}}