{"id":24251,"date":"2021-05-04T18:55:13","date_gmt":"2021-05-04T16:55:13","guid":{"rendered":"https:\/\/www.feuerwehr-ibbenbueren.de\/?p=24251"},"modified":"2021-05-05T22:26:10","modified_gmt":"2021-05-05T20:26:10","slug":"th-klein-2-copy-copy-copy-copy-copy-copy-2-copy-copy-3-copy-copy-2-copy-copy-copy-2-copy-copy-copy-2-copy-copy-2-copy-copy-2-copy-copy-2-copy-copy-copy-copy-copy-3-copy","status":"publish","type":"post","link":"https:\/\/www.feuerwehr-ibbenbueren.de\/?p=24251","title":{"rendered":"Baum Stra\u00dfe"},"content":{"rendered":"<p style=\"text-align: left;\"><strong>Einsatzbericht:<\/strong> Der Dienstbetrieb wurde mit dem Stichwort &#8222;Baum Stra\u00dfe&#8220; alarmiert. <!--more--><\/p>\n<p>Ein Fu\u00dfg\u00e4ngerweg, der durch einen umgest\u00fcrzten Baum blockiert war, wurde durch die Einsatzkr\u00e4fte freiger\u00e4umt.<\/p>\n\n\t\t<div id='gallery-1' class='gallery galleryid-24251 gallery-columns-4 gallery-size-thumbnail gallery1'><script type=\"text\/javascript\">\r\n\/\/ <![CDATA[\r\n\tjQuery(document).ready(function () {\r\n\t\tjQuery(\".gallery1 a\").attr(\"rel\",\"gallery1\");\t\r\n\t\tjQuery('a[rel=\"gallery1\"]').colorbox({maxWidth:\"95%\", maxHeight:\"95%\",title: function(){ return jQuery(this).children().attr(\"alt\"); }, });\r\n\t});\r\n\/\/ ]]>\r\n<\/script>\n<dl class=\"gallery-item\">\n<dt class=\"gallery-icon\">\r\n<a href=\"https:\/\/www.feuerwehr-ibbenbueren.de\/wp-content\/uploads\/2021\/05\/2021-05-04-Baum-auf-Strasse-Am-Aasee-1.jpg\" title=\"\" rel=\"gallery1\"><img loading=\"lazy\" decoding=\"async\" src=\"https:\/\/www.feuerwehr-ibbenbueren.de\/wp-content\/uploads\/2021\/05\/2021-05-04-Baum-auf-Strasse-Am-Aasee-1-150x150.jpg\" width=\"150\" height=\"150\" alt=\"\" \/><\/a>\r\n<\/dt><\/dl><dl class=\"gallery-item\">\n<dt class=\"gallery-icon\">\r\n<a href=\"https:\/\/www.feuerwehr-ibbenbueren.de\/wp-content\/uploads\/2021\/05\/2021-05-04-Baum-auf-Strasse-Am-Aasee-2.jpg\" title=\"\" rel=\"gallery1\"><img loading=\"lazy\" decoding=\"async\" src=\"https:\/\/www.feuerwehr-ibbenbueren.de\/wp-content\/uploads\/2021\/05\/2021-05-04-Baum-auf-Strasse-Am-Aasee-2-150x150.jpg\" width=\"150\" height=\"150\" alt=\"\" \/><\/a>\r\n<\/dt><\/dl>\r\n\t\t\t<br style='clear: both' \/>\r\n\t\t<\/div>\n\n","protected":false},"excerpt":{"rendered":"<p>Einsatzbericht: Der Dienstbetrieb wurde mit dem Stichwort &#8222;Baum Stra\u00dfe&#8220; alarmiert.<\/p>\n","protected":false},"author":7,"featured_media":24254,"comment_status":"open","ping_status":"open","sticky":false,"template":"","format":"standard","meta":{"footnotes":""},"categories":[10,5],"tags":[112,409,73],"class_list":["post-24251","post","type-post","status-publish","format-standard","has-post-thumbnail","hentry","category-alle-beitraege","category-einsaetze","tag-baum","tag-nur-dienstbetrieb-2021","tag-th"],"_links":{"self":[{"href":"https:\/\/www.feuerwehr-ibbenbueren.de\/index.php?rest_route=\/wp\/v2\/posts\/24251","targetHints":{"allow":["GET"]}}],"collection":[{"href":"https:\/\/www.feuerwehr-ibbenbueren.de\/index.php?rest_route=\/wp\/v2\/posts"}],"about":[{"href":"https:\/\/www.feuerwehr-ibbenbueren.de\/index.php?rest_route=\/wp\/v2\/types\/post"}],"author":[{"embeddable":true,"href":"https:\/\/www.feuerwehr-ibbenbueren.de\/index.php?rest_route=\/wp\/v2\/users\/7"}],"replies":[{"embeddable":true,"href":"https:\/\/www.feuerwehr-ibbenbueren.de\/index.php?rest_route=%2Fwp%2Fv2%2Fcomments&post=24251"}],"version-history":[{"count":4,"href":"https:\/\/www.feuerwehr-ibbenbueren.de\/index.php?rest_route=\/wp\/v2\/posts\/24251\/revisions"}],"predecessor-version":[{"id":24266,"href":"https:\/\/www.feuerwehr-ibbenbueren.de\/index.php?rest_route=\/wp\/v2\/posts\/24251\/revisions\/24266"}],"wp:featuredmedia":[{"embeddable":true,"href":"https:\/\/www.feuerwehr-ibbenbueren.de\/index.php?rest_route=\/wp\/v2\/media\/24254"}],"wp:attachment":[{"href":"https:\/\/www.feuerwehr-ibbenbueren.de\/index.php?rest_route=%2Fwp%2Fv2%2Fmedia&parent=24251"}],"wp:term":[{"taxonomy":"category","embeddable":true,"href":"https:\/\/www.feuerwehr-ibbenbueren.de\/index.php?rest_route=%2Fwp%2Fv2%2Fcategories&post=24251"},{"taxonomy":"post_tag","embeddable":true,"href":"https:\/\/www.feuerwehr-ibbenbueren.de\/index.php?rest_route=%2Fwp%2Fv2%2Ftags&post=24251"}],"curies":[{"name":"wp","href":"https:\/\/api.w.org\/{rel}","templated":true}]}}