{"id":24650,"date":"2021-07-05T12:04:41","date_gmt":"2021-07-05T10:04:41","guid":{"rendered":"https:\/\/www.feuerwehr-ibbenbueren.de\/?p=24650"},"modified":"2021-07-05T19:09:28","modified_gmt":"2021-07-05T17:09:28","slug":"th-klein-2-copy-copy-copy-copy-copy-copy-2-copy-copy-3-copy-copy-2-copy-copy-copy-copy-copy-2-copy-copy-copy-2-copy-copy-copy-copy-2-copy-2-copy-3-copy-2-copy-copy-copy-copy-copy-copy-2-copy-copy-1-5","status":"publish","type":"post","link":"https:\/\/www.feuerwehr-ibbenbueren.de\/?p=24650","title":{"rendered":"TH klein"},"content":{"rendered":"<p><strong>Einsatzbericht:<\/strong> Der Dienstbetrieb wurde zu einer Technischen Hilfeleistung alarmiert. <!--more--><\/p>\n<p>Ein 10 Monate altes Baby war in einem PKW eingeschlossen. Die Mutter alarmierte daraufhin die Einsatzkr\u00e4fte.<\/p>\n<p>An der Einsatzstelle lie\u00df sich der PKW nicht \u00f6ffnen und der Autoschl\u00fcssel lag im Innenraum.<\/p>\n<p>Die Feuerwehr zerst\u00f6rte daraufhin eine Seitenscheibe um das Baby zu befreien.<\/p>\n<p>Wohlbehalten konnten das Baby und die Autoschl\u00fcssel an die Mutter \u00fcbergeben werden.<\/p>\n","protected":false},"excerpt":{"rendered":"<p>Einsatzbericht: Der Dienstbetrieb wurde zu einer Technischen Hilfeleistung alarmiert.<\/p>\n","protected":false},"author":7,"featured_media":3024,"comment_status":"open","ping_status":"open","sticky":false,"template":"","format":"standard","meta":{"footnotes":""},"categories":[10,5],"tags":[409,195,73],"class_list":["post-24650","post","type-post","status-publish","format-standard","has-post-thumbnail","hentry","category-alle-beitraege","category-einsaetze","tag-nur-dienstbetrieb-2021","tag-sonstige","tag-th"],"_links":{"self":[{"href":"https:\/\/www.feuerwehr-ibbenbueren.de\/index.php?rest_route=\/wp\/v2\/posts\/24650","targetHints":{"allow":["GET"]}}],"collection":[{"href":"https:\/\/www.feuerwehr-ibbenbueren.de\/index.php?rest_route=\/wp\/v2\/posts"}],"about":[{"href":"https:\/\/www.feuerwehr-ibbenbueren.de\/index.php?rest_route=\/wp\/v2\/types\/post"}],"author":[{"embeddable":true,"href":"https:\/\/www.feuerwehr-ibbenbueren.de\/index.php?rest_route=\/wp\/v2\/users\/7"}],"replies":[{"embeddable":true,"href":"https:\/\/www.feuerwehr-ibbenbueren.de\/index.php?rest_route=%2Fwp%2Fv2%2Fcomments&post=24650"}],"version-history":[{"count":2,"href":"https:\/\/www.feuerwehr-ibbenbueren.de\/index.php?rest_route=\/wp\/v2\/posts\/24650\/revisions"}],"predecessor-version":[{"id":24655,"href":"https:\/\/www.feuerwehr-ibbenbueren.de\/index.php?rest_route=\/wp\/v2\/posts\/24650\/revisions\/24655"}],"wp:featuredmedia":[{"embeddable":true,"href":"https:\/\/www.feuerwehr-ibbenbueren.de\/index.php?rest_route=\/wp\/v2\/media\/3024"}],"wp:attachment":[{"href":"https:\/\/www.feuerwehr-ibbenbueren.de\/index.php?rest_route=%2Fwp%2Fv2%2Fmedia&parent=24650"}],"wp:term":[{"taxonomy":"category","embeddable":true,"href":"https:\/\/www.feuerwehr-ibbenbueren.de\/index.php?rest_route=%2Fwp%2Fv2%2Fcategories&post=24650"},{"taxonomy":"post_tag","embeddable":true,"href":"https:\/\/www.feuerwehr-ibbenbueren.de\/index.php?rest_route=%2Fwp%2Fv2%2Ftags&post=24650"}],"curies":[{"name":"wp","href":"https:\/\/api.w.org\/{rel}","templated":true}]}}