{"id":25246,"date":"2021-09-07T10:35:44","date_gmt":"2021-09-07T08:35:44","guid":{"rendered":"https:\/\/www.feuerwehr-ibbenbueren.de\/?p=25246"},"modified":"2021-09-07T14:33:57","modified_gmt":"2021-09-07T12:33:57","slug":"bma-teutoburger-oelmuehle-2-2-5-2-2-2-4-2-3-2-5-4-copy-copy-copy-copy-copy-copy-copy-3-copy-copy-4-copy-copy-copy-copy-copy-2-copy-copy-copy-copy","status":"publish","type":"post","link":"https:\/\/www.feuerwehr-ibbenbueren.de\/?p=25246","title":{"rendered":"BMA Nordstadt-Arkaden"},"content":{"rendered":"<p style=\"text-align: left;\"><strong>Einsatzbericht: <\/strong>Der Dienstbetrieb und der L\u00f6schzug Stadtmitte 1 wurden am Dienstagmorgen zu einer ausgel\u00f6sten Brandmeldeanlage alarmiert.<!--more--><\/p>\n<p>Ein Elektroherd war in der Ausstellung eines Elektronik-Fachmarktes in Brand geraten. Kunden und Mitarbeiter waren nicht mehr im Geb\u00e4ude. Der Herd konnte von einem Angriffstrupp unter umluftunabh\u00e4ngigem Atemschutz mit Hilfe einer K\u00fcbelspritze gel\u00f6scht werden.<\/p>\n<p>Das betroffene Ger\u00e4t wurde vom Strom getrennt und ins Freie verbracht.<\/p>\n<p>\u00dcbergabe der Einsatzstelle an den Betreiber.<\/p>\n<p>&nbsp;<\/p>\n","protected":false},"excerpt":{"rendered":"<p>Einsatzbericht: Der Dienstbetrieb und der L\u00f6schzug Stadtmitte 1 wurden am Dienstagmorgen zu einer ausgel\u00f6sten Brandmeldeanlage alarmiert.<\/p>\n","protected":false},"author":3,"featured_media":1832,"comment_status":"open","ping_status":"open","sticky":false,"template":"","format":"standard","meta":{"footnotes":""},"categories":[10,5],"tags":[67,410,412],"class_list":["post-25246","post","type-post","status-publish","format-standard","has-post-thumbnail","hentry","category-alle-beitraege","category-einsaetze","tag-bma","tag-dienstbetrieb-2021","tag-stadtmitte-1-2021"],"_links":{"self":[{"href":"https:\/\/www.feuerwehr-ibbenbueren.de\/index.php?rest_route=\/wp\/v2\/posts\/25246","targetHints":{"allow":["GET"]}}],"collection":[{"href":"https:\/\/www.feuerwehr-ibbenbueren.de\/index.php?rest_route=\/wp\/v2\/posts"}],"about":[{"href":"https:\/\/www.feuerwehr-ibbenbueren.de\/index.php?rest_route=\/wp\/v2\/types\/post"}],"author":[{"embeddable":true,"href":"https:\/\/www.feuerwehr-ibbenbueren.de\/index.php?rest_route=\/wp\/v2\/users\/3"}],"replies":[{"embeddable":true,"href":"https:\/\/www.feuerwehr-ibbenbueren.de\/index.php?rest_route=%2Fwp%2Fv2%2Fcomments&post=25246"}],"version-history":[{"count":3,"href":"https:\/\/www.feuerwehr-ibbenbueren.de\/index.php?rest_route=\/wp\/v2\/posts\/25246\/revisions"}],"predecessor-version":[{"id":25249,"href":"https:\/\/www.feuerwehr-ibbenbueren.de\/index.php?rest_route=\/wp\/v2\/posts\/25246\/revisions\/25249"}],"wp:featuredmedia":[{"embeddable":true,"href":"https:\/\/www.feuerwehr-ibbenbueren.de\/index.php?rest_route=\/wp\/v2\/media\/1832"}],"wp:attachment":[{"href":"https:\/\/www.feuerwehr-ibbenbueren.de\/index.php?rest_route=%2Fwp%2Fv2%2Fmedia&parent=25246"}],"wp:term":[{"taxonomy":"category","embeddable":true,"href":"https:\/\/www.feuerwehr-ibbenbueren.de\/index.php?rest_route=%2Fwp%2Fv2%2Fcategories&post=25246"},{"taxonomy":"post_tag","embeddable":true,"href":"https:\/\/www.feuerwehr-ibbenbueren.de\/index.php?rest_route=%2Fwp%2Fv2%2Ftags&post=25246"}],"curies":[{"name":"wp","href":"https:\/\/api.w.org\/{rel}","templated":true}]}}