{"id":25368,"date":"2021-09-24T09:43:24","date_gmt":"2021-09-24T07:43:24","guid":{"rendered":"https:\/\/www.feuerwehr-ibbenbueren.de\/?p=25368"},"modified":"2021-09-24T12:42:27","modified_gmt":"2021-09-24T10:42:27","slug":"verkehrsunfall-radfahrer-unter-pkw-2-2-3-2-copy-copy-copy-copy-copy-copy-2-copy","status":"publish","type":"post","link":"https:\/\/www.feuerwehr-ibbenbueren.de\/?p=25368","title":{"rendered":"ABC-Einsatz I, l\u00e4uft Schwefels\u00e4ure aus"},"content":{"rendered":"<p><strong>Einsatzbericht: <\/strong>Die Feuerwehr Ibbenb\u00fcren wurde mit dem Dienstbetrieb, dem L\u00f6schzug Stadtmitte 1 und dem ABC-Zug Ibbenb\u00fcren zu einem ABC-I-Einsatz auf die BAB 30 alarmiert.<!--more--><\/p>\n<p>Bei einer Polizeikontrolle auf dem Rastplatz Brockbachtal S\u00fcd wurde bei einem LKW, der Batterien transportierte, eine auslaufende Fl\u00fcssigkeit festgestellt. Die Einsatzstelle wurde weitr\u00e4umig abgesperrt.<\/p>\n<p>Die eintreffenden Einsatzkr\u00e4fte banden die auslaufende Schwefels\u00e4ure mit Chemikalienbinder ab und sicherten die besch\u00e4digte Batterie. Der LKW mit der besch\u00e4digten Ladung wurde unter Polizeibegleitung einem Entsorgungsunternehmen zugef\u00fchrt, um die Batterie fachgerecht zu entsorgen.<\/p>\n<p>Die Einsatzstelle wurde nach Beendigung der Ma\u00dfnahmen an die Polizei \u00fcbergeben.<\/p>\n\n\t\t<div id='gallery-1' class='gallery galleryid-25368 gallery-columns-4 gallery-size-thumbnail gallery1'><script type=\"text\/javascript\">\r\n\/\/ <![CDATA[\r\n\tjQuery(document).ready(function () {\r\n\t\tjQuery(\".gallery1 a\").attr(\"rel\",\"gallery1\");\t\r\n\t\tjQuery('a[rel=\"gallery1\"]').colorbox({maxWidth:\"95%\", maxHeight:\"95%\",title: function(){ return jQuery(this).children().attr(\"alt\"); }, });\r\n\t});\r\n\/\/ ]]>\r\n<\/script>\n<dl class=\"gallery-item\">\n<dt class=\"gallery-icon\">\r\n<a href=\"https:\/\/www.feuerwehr-ibbenbueren.de\/wp-content\/uploads\/2021\/09\/Einsatz_ABC_BAB30_24092021_001.jpg\" title=\"\" rel=\"gallery1\"><img loading=\"lazy\" decoding=\"async\" src=\"https:\/\/www.feuerwehr-ibbenbueren.de\/wp-content\/uploads\/2021\/09\/Einsatz_ABC_BAB30_24092021_001-150x150.jpg\" width=\"150\" height=\"150\" alt=\"\" \/><\/a>\r\n<\/dt><\/dl><dl class=\"gallery-item\">\n<dt class=\"gallery-icon\">\r\n<a href=\"https:\/\/www.feuerwehr-ibbenbueren.de\/wp-content\/uploads\/2021\/09\/Einsatz_ABC_BAB30_24092021_002.jpg\" title=\"\" rel=\"gallery1\"><img loading=\"lazy\" decoding=\"async\" src=\"https:\/\/www.feuerwehr-ibbenbueren.de\/wp-content\/uploads\/2021\/09\/Einsatz_ABC_BAB30_24092021_002-150x150.jpg\" width=\"150\" height=\"150\" alt=\"\" \/><\/a>\r\n<\/dt><\/dl><dl class=\"gallery-item\">\n<dt class=\"gallery-icon\">\r\n<a href=\"https:\/\/www.feuerwehr-ibbenbueren.de\/wp-content\/uploads\/2021\/09\/Einsatz_ABC_BAB30_24092021_003.jpg\" title=\"\" rel=\"gallery1\"><img loading=\"lazy\" decoding=\"async\" src=\"https:\/\/www.feuerwehr-ibbenbueren.de\/wp-content\/uploads\/2021\/09\/Einsatz_ABC_BAB30_24092021_003-150x150.jpg\" width=\"150\" height=\"150\" alt=\"\" \/><\/a>\r\n<\/dt><\/dl><dl class=\"gallery-item\">\n<dt class=\"gallery-icon\">\r\n<a href=\"https:\/\/www.feuerwehr-ibbenbueren.de\/wp-content\/uploads\/2021\/09\/Einsatz_ABC_BAB30_24092021_004.jpg\" title=\"\" rel=\"gallery1\"><img loading=\"lazy\" decoding=\"async\" src=\"https:\/\/www.feuerwehr-ibbenbueren.de\/wp-content\/uploads\/2021\/09\/Einsatz_ABC_BAB30_24092021_004-150x150.jpg\" width=\"150\" height=\"150\" alt=\"\" \/><\/a>\r\n<\/dt><\/dl><br style=\"clear: both\" \/>\r\n\t\t<\/div>\n\n","protected":false},"excerpt":{"rendered":"<p>Einsatzbericht: Die Feuerwehr Ibbenb\u00fcren wurde mit dem Dienstbetrieb, dem L\u00f6schzug Stadtmitte 1 und dem ABC-Zug Ibbenb\u00fcren zu einem ABC-I-Einsatz auf die BAB 30 alarmiert.<\/p>\n","protected":false},"author":3,"featured_media":25372,"comment_status":"open","ping_status":"open","sticky":false,"template":"","format":"standard","meta":{"footnotes":""},"categories":[10,5],"tags":[155,428,169,410,420,413,412,411],"class_list":["post-25368","post","type-post","status-publish","format-standard","has-post-thumbnail","hentry","category-alle-beitraege","category-einsaetze","tag-abc","tag-abc-kraefte-2021","tag-bab","tag-dienstbetrieb-2021","tag-doerenthe-2021","tag-laggenbeck-2021","tag-stadtmitte-1-2021","tag-stadtmitte-2-2021"],"_links":{"self":[{"href":"https:\/\/www.feuerwehr-ibbenbueren.de\/index.php?rest_route=\/wp\/v2\/posts\/25368","targetHints":{"allow":["GET"]}}],"collection":[{"href":"https:\/\/www.feuerwehr-ibbenbueren.de\/index.php?rest_route=\/wp\/v2\/posts"}],"about":[{"href":"https:\/\/www.feuerwehr-ibbenbueren.de\/index.php?rest_route=\/wp\/v2\/types\/post"}],"author":[{"embeddable":true,"href":"https:\/\/www.feuerwehr-ibbenbueren.de\/index.php?rest_route=\/wp\/v2\/users\/3"}],"replies":[{"embeddable":true,"href":"https:\/\/www.feuerwehr-ibbenbueren.de\/index.php?rest_route=%2Fwp%2Fv2%2Fcomments&post=25368"}],"version-history":[{"count":3,"href":"https:\/\/www.feuerwehr-ibbenbueren.de\/index.php?rest_route=\/wp\/v2\/posts\/25368\/revisions"}],"predecessor-version":[{"id":25375,"href":"https:\/\/www.feuerwehr-ibbenbueren.de\/index.php?rest_route=\/wp\/v2\/posts\/25368\/revisions\/25375"}],"wp:featuredmedia":[{"embeddable":true,"href":"https:\/\/www.feuerwehr-ibbenbueren.de\/index.php?rest_route=\/wp\/v2\/media\/25372"}],"wp:attachment":[{"href":"https:\/\/www.feuerwehr-ibbenbueren.de\/index.php?rest_route=%2Fwp%2Fv2%2Fmedia&parent=25368"}],"wp:term":[{"taxonomy":"category","embeddable":true,"href":"https:\/\/www.feuerwehr-ibbenbueren.de\/index.php?rest_route=%2Fwp%2Fv2%2Fcategories&post=25368"},{"taxonomy":"post_tag","embeddable":true,"href":"https:\/\/www.feuerwehr-ibbenbueren.de\/index.php?rest_route=%2Fwp%2Fv2%2Ftags&post=25368"}],"curies":[{"name":"wp","href":"https:\/\/api.w.org\/{rel}","templated":true}]}}