{"id":25384,"date":"2021-09-26T02:38:01","date_gmt":"2021-09-26T00:38:01","guid":{"rendered":"https:\/\/www.feuerwehr-ibbenbueren.de\/?p=25384"},"modified":"2021-09-26T04:54:40","modified_gmt":"2021-09-26T02:54:40","slug":"kleinbrand-2-2-4-3-3-2-2-2-copy-copy-2-copy-2-copy-2-copy-copy-copy-2-copy-copy-copy-copy-copy-copy-copy-copy-copy-2-copy-copy-copy-2-copy-copy-copy-copy-copy-2-copy-2-copy-copy-2-copy-2-copy-copy-c-3","status":"publish","type":"post","link":"https:\/\/www.feuerwehr-ibbenbueren.de\/?p=25384","title":{"rendered":"BMA Teutoburger \u00d6lm\u00fchle"},"content":{"rendered":"<p><strong>Einsatzbericht: <\/strong>Der Dienstbetrieb und der L\u00f6schzug Stadtmitte 2 wurden zu einer ausgel\u00f6sten Brandmeldeanlage alarmiert.<!--more--><\/p>\n<p>Der Angriffstrupp fand in einem stark verrauchten Raum den von selbst erloschenen Kabelbrand an einer Klimaanlage vor.<\/p>\n<p>Der betroffene Bereich wurde mittels W\u00e4rmebildkamera kontrolliert und mit einem Hochleistungsl\u00fcfter rauchfrei bel\u00fcftet.<\/p>\n<p>Die Anlage wurde abschlie\u00dfend dem Betreiber \u00fcbergeben.<\/p>\n","protected":false},"excerpt":{"rendered":"<p>Einsatzbericht: Der Dienstbetrieb und der L\u00f6schzug Stadtmitte 2 wurden zu einer ausgel\u00f6sten Brandmeldeanlage alarmiert.<\/p>\n","protected":false},"author":2,"featured_media":3023,"comment_status":"open","ping_status":"open","sticky":false,"template":"","format":"standard","meta":{"footnotes":""},"categories":[10,5],"tags":[67,410,71,411],"class_list":["post-25384","post","type-post","status-publish","format-standard","has-post-thumbnail","hentry","category-alle-beitraege","category-einsaetze","tag-bma","tag-dienstbetrieb-2021","tag-feuer","tag-stadtmitte-2-2021"],"_links":{"self":[{"href":"https:\/\/www.feuerwehr-ibbenbueren.de\/index.php?rest_route=\/wp\/v2\/posts\/25384","targetHints":{"allow":["GET"]}}],"collection":[{"href":"https:\/\/www.feuerwehr-ibbenbueren.de\/index.php?rest_route=\/wp\/v2\/posts"}],"about":[{"href":"https:\/\/www.feuerwehr-ibbenbueren.de\/index.php?rest_route=\/wp\/v2\/types\/post"}],"author":[{"embeddable":true,"href":"https:\/\/www.feuerwehr-ibbenbueren.de\/index.php?rest_route=\/wp\/v2\/users\/2"}],"replies":[{"embeddable":true,"href":"https:\/\/www.feuerwehr-ibbenbueren.de\/index.php?rest_route=%2Fwp%2Fv2%2Fcomments&post=25384"}],"version-history":[{"count":5,"href":"https:\/\/www.feuerwehr-ibbenbueren.de\/index.php?rest_route=\/wp\/v2\/posts\/25384\/revisions"}],"predecessor-version":[{"id":25389,"href":"https:\/\/www.feuerwehr-ibbenbueren.de\/index.php?rest_route=\/wp\/v2\/posts\/25384\/revisions\/25389"}],"wp:featuredmedia":[{"embeddable":true,"href":"https:\/\/www.feuerwehr-ibbenbueren.de\/index.php?rest_route=\/wp\/v2\/media\/3023"}],"wp:attachment":[{"href":"https:\/\/www.feuerwehr-ibbenbueren.de\/index.php?rest_route=%2Fwp%2Fv2%2Fmedia&parent=25384"}],"wp:term":[{"taxonomy":"category","embeddable":true,"href":"https:\/\/www.feuerwehr-ibbenbueren.de\/index.php?rest_route=%2Fwp%2Fv2%2Fcategories&post=25384"},{"taxonomy":"post_tag","embeddable":true,"href":"https:\/\/www.feuerwehr-ibbenbueren.de\/index.php?rest_route=%2Fwp%2Fv2%2Ftags&post=25384"}],"curies":[{"name":"wp","href":"https:\/\/api.w.org\/{rel}","templated":true}]}}