{"id":25431,"date":"2021-10-05T02:43:03","date_gmt":"2021-10-05T00:43:03","guid":{"rendered":"https:\/\/www.feuerwehr-ibbenbueren.de\/?p=25431"},"modified":"2021-10-05T13:59:50","modified_gmt":"2021-10-05T11:59:50","slug":"betriebsstoffe-aufnehmen-2-2-2-2-4-2-2-2-2-2-2-4-2-2-5-2-2-4-3-2-2-2-2-2-2-2-2-2-3-copy-2-copy-3-copy-2-copy-copy-copy-copy-2-copy-copy-copy-copy-copy-2-copy-copy-copy-copy-copy-copy-copy-2","status":"publish","type":"post","link":"https:\/\/www.feuerwehr-ibbenbueren.de\/?p=25431","title":{"rendered":"Zimmerbrand in der Bahnhofstra\u00dfe"},"content":{"rendered":"<p><strong>Einsatzbericht: <\/strong>Der Dienstbetrieb, der L\u00f6schzug Stadtmitte 1 und der L\u00f6schzug Stadtmitte 2 wurden in der Nacht zum Dienstag zu einem Zimmerbrand in der Bahnhofstra\u00dfe alarmiert.<!--more--><\/p>\n<p>Ein Bewohner wurde durch einen Angriffstrupp unter umluftunabh\u00e4ngigem Atemschutz aus einer verrauchten Wohnung gerettet und dem Rettungsdienst \u00fcbergeben. Kontrolle der Wohnung ergab kein Feuer &#8211; &#8222;Essen im Backofen&#8220;. Der Backofen wurde abgeschaltet, der Inhalt ins Freie verbracht und die Wohnung mittels Hochleistungsl\u00fcftern bel\u00fcftet.<\/p>\n<p>Keine weiteren Ma\u00dfnahmen. Keine weiteren Kr\u00e4fte erforderlich. \u00dcbergabe der Einsatzstelle an die Polizei.<\/p>\n<p><a href=\"https:\/\/www.nwm-tv.de\/news\/news-anzeigen\/?news_id=16397\" target=\"_blank\" rel=\"noopener\">Link zum Onlinebericht bei Nord West Media TV<\/a><\/p>\n<p><a href=\"https:\/\/www2.ivz-aktuell.de\/articles\/144095\/feuerwehr-weckt-bewohner\" target=\"_blank\" rel=\"noopener\">Link zum Onlinebericht der IVZ Online<\/a><\/p>\n","protected":false},"excerpt":{"rendered":"<p>Einsatzbericht: Der Dienstbetrieb, der L\u00f6schzug Stadtmitte 1 und der L\u00f6schzug Stadtmitte 2 wurden in der Nacht zum Dienstag zu einem Zimmerbrand in der Bahnhofstra\u00dfe alarmiert.<\/p>\n","protected":false},"author":3,"featured_media":3023,"comment_status":"open","ping_status":"open","sticky":false,"template":"","format":"standard","meta":{"footnotes":""},"categories":[10,5],"tags":[410,412,411,152],"class_list":["post-25431","post","type-post","status-publish","format-standard","has-post-thumbnail","hentry","category-alle-beitraege","category-einsaetze","tag-dienstbetrieb-2021","tag-stadtmitte-1-2021","tag-stadtmitte-2-2021","tag-zimmerbrand"],"_links":{"self":[{"href":"https:\/\/www.feuerwehr-ibbenbueren.de\/index.php?rest_route=\/wp\/v2\/posts\/25431","targetHints":{"allow":["GET"]}}],"collection":[{"href":"https:\/\/www.feuerwehr-ibbenbueren.de\/index.php?rest_route=\/wp\/v2\/posts"}],"about":[{"href":"https:\/\/www.feuerwehr-ibbenbueren.de\/index.php?rest_route=\/wp\/v2\/types\/post"}],"author":[{"embeddable":true,"href":"https:\/\/www.feuerwehr-ibbenbueren.de\/index.php?rest_route=\/wp\/v2\/users\/3"}],"replies":[{"embeddable":true,"href":"https:\/\/www.feuerwehr-ibbenbueren.de\/index.php?rest_route=%2Fwp%2Fv2%2Fcomments&post=25431"}],"version-history":[{"count":4,"href":"https:\/\/www.feuerwehr-ibbenbueren.de\/index.php?rest_route=\/wp\/v2\/posts\/25431\/revisions"}],"predecessor-version":[{"id":25437,"href":"https:\/\/www.feuerwehr-ibbenbueren.de\/index.php?rest_route=\/wp\/v2\/posts\/25431\/revisions\/25437"}],"wp:featuredmedia":[{"embeddable":true,"href":"https:\/\/www.feuerwehr-ibbenbueren.de\/index.php?rest_route=\/wp\/v2\/media\/3023"}],"wp:attachment":[{"href":"https:\/\/www.feuerwehr-ibbenbueren.de\/index.php?rest_route=%2Fwp%2Fv2%2Fmedia&parent=25431"}],"wp:term":[{"taxonomy":"category","embeddable":true,"href":"https:\/\/www.feuerwehr-ibbenbueren.de\/index.php?rest_route=%2Fwp%2Fv2%2Fcategories&post=25431"},{"taxonomy":"post_tag","embeddable":true,"href":"https:\/\/www.feuerwehr-ibbenbueren.de\/index.php?rest_route=%2Fwp%2Fv2%2Ftags&post=25431"}],"curies":[{"name":"wp","href":"https:\/\/api.w.org\/{rel}","templated":true}]}}