{"id":25439,"date":"2021-10-05T15:31:16","date_gmt":"2021-10-05T13:31:16","guid":{"rendered":"https:\/\/www.feuerwehr-ibbenbueren.de\/?p=25439"},"modified":"2021-10-06T15:48:25","modified_gmt":"2021-10-06T13:48:25","slug":"th-klein-2-copy-copy-copy-copy-copy-copy-copy-copy-2-copy-4-copy-copy-copy-copy-2-copy-copy-3-copy-copy-copy-copy-copy-copy-copy-copy-copy-copy-copy-2-copy-copy-copy-copy-2-copy-copy-2-copy-copy","status":"publish","type":"post","link":"https:\/\/www.feuerwehr-ibbenbueren.de\/?p=25439","title":{"rendered":"Nachl\u00f6scharbeiten"},"content":{"rendered":"<p><strong>Einsatzbericht:<\/strong> Der Dienstbetrieb wurde mit dem Stichwort &#8222;Nachl\u00f6scharbeiten&#8220; zu einem Einsatz an der Stra\u00dfe &#8222;Zum Waldfriedhof&#8220; alarmiert. <!--more--><\/p>\n<p>Vor einem Einfamilienhaus abgestellter Sperrm\u00fcll hatte aus unbekannter Ursache Feuer gefangen.<\/p>\n<p>Die Bewohner des Geb\u00e4udes hatten den Brand beim Eintreffen der Einsatzkr\u00e4fte bereits mit einem Feuerl\u00f6scher erfolgreich bek\u00e4mpft.<\/p>\n<p>Die Feuerwehr kontrollierte die Brandstelle mit einer W\u00e4rmebildkamera und f\u00fchrte Nachl\u00f6scharbeiten mit einem Kleinl\u00f6schger\u00e4t durch.<\/p>\n<p>Die Einsatzstelle wurde an den Eigent\u00fcmer \u00fcbergeben.<\/p>\n","protected":false},"excerpt":{"rendered":"<p>Einsatzbericht: Der Dienstbetrieb wurde mit dem Stichwort &#8222;Nachl\u00f6scharbeiten&#8220; zu einem Einsatz an der Stra\u00dfe &#8222;Zum Waldfriedhof&#8220; alarmiert.<\/p>\n","protected":false},"author":7,"featured_media":3023,"comment_status":"open","ping_status":"open","sticky":false,"template":"","format":"standard","meta":{"footnotes":""},"categories":[10,5],"tags":[71,314,409],"class_list":["post-25439","post","type-post","status-publish","format-standard","has-post-thumbnail","hentry","category-alle-beitraege","category-einsaetze","tag-feuer","tag-nachloescharbeiten","tag-nur-dienstbetrieb-2021"],"_links":{"self":[{"href":"https:\/\/www.feuerwehr-ibbenbueren.de\/index.php?rest_route=\/wp\/v2\/posts\/25439","targetHints":{"allow":["GET"]}}],"collection":[{"href":"https:\/\/www.feuerwehr-ibbenbueren.de\/index.php?rest_route=\/wp\/v2\/posts"}],"about":[{"href":"https:\/\/www.feuerwehr-ibbenbueren.de\/index.php?rest_route=\/wp\/v2\/types\/post"}],"author":[{"embeddable":true,"href":"https:\/\/www.feuerwehr-ibbenbueren.de\/index.php?rest_route=\/wp\/v2\/users\/7"}],"replies":[{"embeddable":true,"href":"https:\/\/www.feuerwehr-ibbenbueren.de\/index.php?rest_route=%2Fwp%2Fv2%2Fcomments&post=25439"}],"version-history":[{"count":5,"href":"https:\/\/www.feuerwehr-ibbenbueren.de\/index.php?rest_route=\/wp\/v2\/posts\/25439\/revisions"}],"predecessor-version":[{"id":25444,"href":"https:\/\/www.feuerwehr-ibbenbueren.de\/index.php?rest_route=\/wp\/v2\/posts\/25439\/revisions\/25444"}],"wp:featuredmedia":[{"embeddable":true,"href":"https:\/\/www.feuerwehr-ibbenbueren.de\/index.php?rest_route=\/wp\/v2\/media\/3023"}],"wp:attachment":[{"href":"https:\/\/www.feuerwehr-ibbenbueren.de\/index.php?rest_route=%2Fwp%2Fv2%2Fmedia&parent=25439"}],"wp:term":[{"taxonomy":"category","embeddable":true,"href":"https:\/\/www.feuerwehr-ibbenbueren.de\/index.php?rest_route=%2Fwp%2Fv2%2Fcategories&post=25439"},{"taxonomy":"post_tag","embeddable":true,"href":"https:\/\/www.feuerwehr-ibbenbueren.de\/index.php?rest_route=%2Fwp%2Fv2%2Ftags&post=25439"}],"curies":[{"name":"wp","href":"https:\/\/api.w.org\/{rel}","templated":true}]}}