{"id":25457,"date":"2021-10-10T15:41:45","date_gmt":"2021-10-10T13:41:45","guid":{"rendered":"https:\/\/www.feuerwehr-ibbenbueren.de\/?p=25457"},"modified":"2021-10-10T17:24:18","modified_gmt":"2021-10-10T15:24:18","slug":"betriebsstoffe-aufnehmen-2-2-2-2-4-2-2-2-2-2-2-4-2-2-5-2-2-4-3-2-2-2-2-2-2-2-2-2-3-copy-2-copy-3-copy-3-copy-2-copy-copy-2-copy-2-copy-3-copy-2-copy-2-copy-copy-3-copy-copy-copy-copy-2-copy-2","status":"publish","type":"post","link":"https:\/\/www.feuerwehr-ibbenbueren.de\/?p=25457","title":{"rendered":"\u00d6l Stra\u00dfe"},"content":{"rendered":"<p><strong>Einsatzbericht: <\/strong>Der L\u00f6schzug Laggenbeck und der Dienstbetrieb wurden am Sonntagnachmittag, unter dem Stichwort \u00d6l Stra\u00dfe, zur Mettinger Stra\u00dfe alarmiert. <!--more--><\/p>\n<p>Im Bereich einer Kurve waren zwei Pkw zusammen gesto\u00dfen. Die Polizei und der Rettungsdienst hatten die Feuerwehr nachalarmiert. Die Einsatzstelle wurde durch die Feuerwehr abgesichert. Des Weiteren wurden eine kleinere \u00d6lspur mit Bindemittel abgestreut und die Batterien der beiden Pkw abgeklemmt.<\/p>\n<p>Die Einsatzstelle wurde im Anschluss an die Polizei \u00fcbergeben.<\/p>\n<p>&nbsp;<\/p>\n","protected":false},"excerpt":{"rendered":"<p>Einsatzbericht: Der L\u00f6schzug Laggenbeck und der Dienstbetrieb wurden am Sonntagnachmittag, unter dem Stichwort \u00d6l Stra\u00dfe, zur Mettinger Stra\u00dfe alarmiert.<\/p>\n","protected":false},"author":11,"featured_media":1829,"comment_status":"open","ping_status":"open","sticky":false,"template":"","format":"standard","meta":{"footnotes":""},"categories":[10,5],"tags":[410,413,80,73],"class_list":["post-25457","post","type-post","status-publish","format-standard","has-post-thumbnail","hentry","category-alle-beitraege","category-einsaetze","tag-dienstbetrieb-2021","tag-laggenbeck-2021","tag-oel","tag-th"],"_links":{"self":[{"href":"https:\/\/www.feuerwehr-ibbenbueren.de\/index.php?rest_route=\/wp\/v2\/posts\/25457","targetHints":{"allow":["GET"]}}],"collection":[{"href":"https:\/\/www.feuerwehr-ibbenbueren.de\/index.php?rest_route=\/wp\/v2\/posts"}],"about":[{"href":"https:\/\/www.feuerwehr-ibbenbueren.de\/index.php?rest_route=\/wp\/v2\/types\/post"}],"author":[{"embeddable":true,"href":"https:\/\/www.feuerwehr-ibbenbueren.de\/index.php?rest_route=\/wp\/v2\/users\/11"}],"replies":[{"embeddable":true,"href":"https:\/\/www.feuerwehr-ibbenbueren.de\/index.php?rest_route=%2Fwp%2Fv2%2Fcomments&post=25457"}],"version-history":[{"count":1,"href":"https:\/\/www.feuerwehr-ibbenbueren.de\/index.php?rest_route=\/wp\/v2\/posts\/25457\/revisions"}],"predecessor-version":[{"id":25458,"href":"https:\/\/www.feuerwehr-ibbenbueren.de\/index.php?rest_route=\/wp\/v2\/posts\/25457\/revisions\/25458"}],"wp:featuredmedia":[{"embeddable":true,"href":"https:\/\/www.feuerwehr-ibbenbueren.de\/index.php?rest_route=\/wp\/v2\/media\/1829"}],"wp:attachment":[{"href":"https:\/\/www.feuerwehr-ibbenbueren.de\/index.php?rest_route=%2Fwp%2Fv2%2Fmedia&parent=25457"}],"wp:term":[{"taxonomy":"category","embeddable":true,"href":"https:\/\/www.feuerwehr-ibbenbueren.de\/index.php?rest_route=%2Fwp%2Fv2%2Fcategories&post=25457"},{"taxonomy":"post_tag","embeddable":true,"href":"https:\/\/www.feuerwehr-ibbenbueren.de\/index.php?rest_route=%2Fwp%2Fv2%2Ftags&post=25457"}],"curies":[{"name":"wp","href":"https:\/\/api.w.org\/{rel}","templated":true}]}}