{"id":25728,"date":"2021-11-25T16:00:11","date_gmt":"2021-11-25T15:00:11","guid":{"rendered":"https:\/\/www.feuerwehr-ibbenbueren.de\/?p=25728"},"modified":"2021-11-25T17:01:49","modified_gmt":"2021-11-25T16:01:49","slug":"volkstrauertag_1-copy-copy-copy-2-copy-copy-2-copy-copy-copy","status":"publish","type":"post","link":"https:\/\/www.feuerwehr-ibbenbueren.de\/?p=25728","title":{"rendered":"Feuerwehr gibt Tipps zur Advents- und Weihnachtszeit"},"content":{"rendered":"<p>Besinnliche Zeit im Kreise von Familie und Freunden, mit Geschenken und Kerzenschein: Weihnachten ist ein hell erleuchtetes Fest in der dunklen Jahreszeit. Damit es nicht durch Br\u00e4nde \u00fcberschattet wird, <!--more-->die durch Unachtsamkeit ausgel\u00f6st wurden, mahnt der DFV zum sorgsamen Umgang mit Kerzen. Dadurch k\u00f6nnten zahlreiche Feuerwehreins\u00e4tze vermieden werden.<\/p>\n<p>Zehn einfache Tipps der Feuerwehr helfen, Br\u00e4nde zu verhindern:<\/p>\n<ul>\n<li>Lassen Sie Kerzen niemals unbeaufsichtigt brennen \u2013 vor allem nicht, wenn Kinder oder Haustiere dabei sind. Unachtsamkeit ist die Brandursache Nummer eins!<\/li>\n<li>Auch wenn man sie h\u00e4ufiger als sonst verwendet und griffbereit haben m\u00f6chte: Bewahren Sie Streichh\u00f6lzer und Feuerzeuge an einem kindersicheren Platz auf.<\/li>\n<li>Stellen Sie Kerzen nicht in der N\u00e4he von brennbaren Gegenst\u00e4nden (Geschenkpapier, Vorhang) oder an einem Ort mit starker Zugluft auf.<\/li>\n<li>Kerzen geh\u00f6ren immer in eine standfeste, nicht brennbare Halterung.<\/li>\n<li>Entz\u00fcnden Sie Kerzen am Weihnachtsbaum von oben nach unten; l\u00f6schen Sie sie in umgekehrter Reihenfolge ab.<\/li>\n<li>L\u00f6schen Sie Kerzen an Adventskr\u00e4nzen und am Weihnachtsbaum rechtzeitig, bevor sie heruntergebrannt sind: Tannengr\u00fcn trocknet mit der Zeit aus und wird zur Brandgefahr.<\/li>\n<li>Wenn Sie echte Kerzen entz\u00fcnden, stellen Sie ein entsprechendes L\u00f6schmittel (Wassereimer, Feuerl\u00f6scher, Feuerl\u00f6schspray) bereit.<\/li>\n<li>Achten Sie bei elektrischen Lichterketten darauf, dass Steckdosen nicht \u00fcberlastet werden. Die elektrischen Kerzen sollten ein Pr\u00fcfsiegel tragen, das den VDE-Bestimmungen entspricht.<\/li>\n<li>Wenn es brennt, versuchen Sie nur dann die Flammen zu l\u00f6schen, wenn dies ohne Eigengef\u00e4hrdung m\u00f6glich ist. Ansonsten schlie\u00dfen Sie m\u00f6glichst die T\u00fcr zum Brandraum, verlassen (mit Ihrer Familie) die Wohnung und alarmieren die Feuerwehr mit dem Notruf 112.<\/li>\n<li>Rauchwarnmelder in der Wohnung verringern das Risiko der unbemerkten Brandausbreitung enorm, indem sie rechtzeitig Alarm geben. Sie sind in allen Bundesl\u00e4ndern bei Neubauten Pflicht; in den meisten mittlerweile auch bei Bestandsbauten. Informationen hierzu gibt es unter <a href=\"http:\/\/www.rauchmelder-lebensretter.de\">www.rauchmelder-lebensretter.de<\/a>. Die kleinen Lebensretter gibt es g\u00fcnstig im Fachhandel oder beim Versandhaus des Deutschen Feuerwehrverbandes unter Feuerwehrversand.de.<\/li>\n<\/ul>\n<p><a href=\"http:\/\/www.feuerwehrverband.de\/presse\">www.feuerwehrverband.de\/presse<\/a> (Symbolbild: H. Bauer) \/sda<\/p>\n<p>Quelle: DFV<\/p>\n","protected":false},"excerpt":{"rendered":"<p>Besinnliche Zeit im Kreise von Familie und Freunden, mit Geschenken und Kerzenschein: Weihnachten ist ein hell erleuchtetes Fest in der dunklen Jahreszeit. Damit es nicht durch Br\u00e4nde \u00fcberschattet wird,<\/p>\n","protected":false},"author":3,"featured_media":19261,"comment_status":"closed","ping_status":"closed","sticky":false,"template":"","format":"standard","meta":{"footnotes":""},"categories":[10,8],"tags":[119,190],"class_list":["post-25728","post","type-post","status-publish","format-standard","has-post-thumbnail","hentry","category-alle-beitraege","category-information","tag-information","tag-weihnachten"],"_links":{"self":[{"href":"https:\/\/www.feuerwehr-ibbenbueren.de\/index.php?rest_route=\/wp\/v2\/posts\/25728","targetHints":{"allow":["GET"]}}],"collection":[{"href":"https:\/\/www.feuerwehr-ibbenbueren.de\/index.php?rest_route=\/wp\/v2\/posts"}],"about":[{"href":"https:\/\/www.feuerwehr-ibbenbueren.de\/index.php?rest_route=\/wp\/v2\/types\/post"}],"author":[{"embeddable":true,"href":"https:\/\/www.feuerwehr-ibbenbueren.de\/index.php?rest_route=\/wp\/v2\/users\/3"}],"replies":[{"embeddable":true,"href":"https:\/\/www.feuerwehr-ibbenbueren.de\/index.php?rest_route=%2Fwp%2Fv2%2Fcomments&post=25728"}],"version-history":[{"count":3,"href":"https:\/\/www.feuerwehr-ibbenbueren.de\/index.php?rest_route=\/wp\/v2\/posts\/25728\/revisions"}],"predecessor-version":[{"id":25731,"href":"https:\/\/www.feuerwehr-ibbenbueren.de\/index.php?rest_route=\/wp\/v2\/posts\/25728\/revisions\/25731"}],"wp:featuredmedia":[{"embeddable":true,"href":"https:\/\/www.feuerwehr-ibbenbueren.de\/index.php?rest_route=\/wp\/v2\/media\/19261"}],"wp:attachment":[{"href":"https:\/\/www.feuerwehr-ibbenbueren.de\/index.php?rest_route=%2Fwp%2Fv2%2Fmedia&parent=25728"}],"wp:term":[{"taxonomy":"category","embeddable":true,"href":"https:\/\/www.feuerwehr-ibbenbueren.de\/index.php?rest_route=%2Fwp%2Fv2%2Fcategories&post=25728"},{"taxonomy":"post_tag","embeddable":true,"href":"https:\/\/www.feuerwehr-ibbenbueren.de\/index.php?rest_route=%2Fwp%2Fv2%2Ftags&post=25728"}],"curies":[{"name":"wp","href":"https:\/\/api.w.org\/{rel}","templated":true}]}}