{"id":25999,"date":"2021-12-23T14:26:39","date_gmt":"2021-12-23T13:26:39","guid":{"rendered":"https:\/\/www.feuerwehr-ibbenbueren.de\/?p=25999"},"modified":"2021-12-23T15:33:21","modified_gmt":"2021-12-23T14:33:21","slug":"kleinbrand-2-2-4-3-3-2-2-2-copy-copy-2-copy-2-copy-2-copy-copy-copy-3-copy-copy-copy-copy-2-copy-2-copy-copy-copy-2-copy-copy-2","status":"publish","type":"post","link":"https:\/\/www.feuerwehr-ibbenbueren.de\/?p=25999","title":{"rendered":"BMA Volksbank"},"content":{"rendered":"<p><strong>Einsatzbericht:\u00a0<\/strong>Der Dienstbetrieb und der L\u00f6schzug Stadtmitte 2 wurden zu einer ausgel\u00f6sten Brandmeldeanlage (BMA) zur Alten M\u00fcnsterstra\u00dfe gerufen. <!--more--><\/p>\n<p>Ausl\u00f6sung der BMA durch Kochd\u00e4mpfe, kein Feuer. Kontrolle durch die Feuerwehr &#8211; keine weiteren Ma\u00dfnahmen erforderlich.<\/p>\n<p>\u00dcbergabe der Einsatzstelle an die Polizei.<\/p>\n","protected":false},"excerpt":{"rendered":"<p>Einsatzbericht:\u00a0Der Dienstbetrieb und der L\u00f6schzug Stadtmitte 2 wurden zu einer ausgel\u00f6sten Brandmeldeanlage (BMA) zur Alten M\u00fcnsterstra\u00dfe gerufen.<\/p>\n","protected":false},"author":2,"featured_media":3025,"comment_status":"open","ping_status":"open","sticky":false,"template":"","format":"standard","meta":{"footnotes":""},"categories":[10,5],"tags":[410,373,411],"class_list":["post-25999","post","type-post","status-publish","format-standard","has-post-thumbnail","hentry","category-alle-beitraege","category-einsaetze","tag-dienstbetrieb-2021","tag-stadtmitte-2-2020","tag-stadtmitte-2-2021"],"_links":{"self":[{"href":"https:\/\/www.feuerwehr-ibbenbueren.de\/index.php?rest_route=\/wp\/v2\/posts\/25999","targetHints":{"allow":["GET"]}}],"collection":[{"href":"https:\/\/www.feuerwehr-ibbenbueren.de\/index.php?rest_route=\/wp\/v2\/posts"}],"about":[{"href":"https:\/\/www.feuerwehr-ibbenbueren.de\/index.php?rest_route=\/wp\/v2\/types\/post"}],"author":[{"embeddable":true,"href":"https:\/\/www.feuerwehr-ibbenbueren.de\/index.php?rest_route=\/wp\/v2\/users\/2"}],"replies":[{"embeddable":true,"href":"https:\/\/www.feuerwehr-ibbenbueren.de\/index.php?rest_route=%2Fwp%2Fv2%2Fcomments&post=25999"}],"version-history":[{"count":2,"href":"https:\/\/www.feuerwehr-ibbenbueren.de\/index.php?rest_route=\/wp\/v2\/posts\/25999\/revisions"}],"predecessor-version":[{"id":26001,"href":"https:\/\/www.feuerwehr-ibbenbueren.de\/index.php?rest_route=\/wp\/v2\/posts\/25999\/revisions\/26001"}],"wp:featuredmedia":[{"embeddable":true,"href":"https:\/\/www.feuerwehr-ibbenbueren.de\/index.php?rest_route=\/wp\/v2\/media\/3025"}],"wp:attachment":[{"href":"https:\/\/www.feuerwehr-ibbenbueren.de\/index.php?rest_route=%2Fwp%2Fv2%2Fmedia&parent=25999"}],"wp:term":[{"taxonomy":"category","embeddable":true,"href":"https:\/\/www.feuerwehr-ibbenbueren.de\/index.php?rest_route=%2Fwp%2Fv2%2Fcategories&post=25999"},{"taxonomy":"post_tag","embeddable":true,"href":"https:\/\/www.feuerwehr-ibbenbueren.de\/index.php?rest_route=%2Fwp%2Fv2%2Ftags&post=25999"}],"curies":[{"name":"wp","href":"https:\/\/api.w.org\/{rel}","templated":true}]}}