{"id":26181,"date":"2022-01-01T00:57:28","date_gmt":"2021-12-31T23:57:28","guid":{"rendered":"https:\/\/www.feuerwehr-ibbenbueren.de\/?p=26181"},"modified":"2022-01-01T04:07:10","modified_gmt":"2022-01-01T03:07:10","slug":"kleinbrand-2-2-4-3-3-2-2-2-copy-copy-2-copy-2-copy-2-copy-copy-copy-2-copy-copy-copy-copy-copy-copy-copy-copy-copy-2-copy-copy-2-copy-copy-copy-copy-copy-2-copy-copy-copy","status":"publish","type":"post","link":"https:\/\/www.feuerwehr-ibbenbueren.de\/?p=26181","title":{"rendered":"BMA K+K Markt"},"content":{"rendered":"<p><strong>Einsatzbericht: <\/strong>Der Dienstbetrieb und der L\u00f6schzug Stadtmitte 1 wurden zu einer ausgel\u00f6sten Brandmeldeanlage (BMA) zur Rheiner Stra\u00dfe gerufen.<!--more--><\/p>\n<p>Durch das Abbrennen von Feuerwerksk\u00f6rpern auf dem Parkplatz des Einkaufsmarktes, war eine massive Rauchentwicklung entstanden. Dieser Rauch war im Dachbereich in das Geb\u00e4ude eingedrungen und hatte die BMA bestimmungsgem\u00e4\u00df ausgel\u00f6st.<\/p>\n<p>Kontrolle des Geb\u00e4udes ergab keine weiteren Feststellungen. Die auf dem Parkplatz noch brennenden Feuerwerksk\u00f6rperreste wurden mit einem Kleinl\u00f6schger\u00e4t abgel\u00f6scht.<\/p>\n<p>\u00dcbergabe der Einsatzstelle an die Polizei.<\/p>\n","protected":false},"excerpt":{"rendered":"<p>Einsatzbericht: Der Dienstbetrieb und der L\u00f6schzug Stadtmitte 1 wurden zu einer ausgel\u00f6sten Brandmeldeanlage (BMA) zur Rheiner Stra\u00dfe gerufen.<\/p>\n","protected":false},"author":3,"featured_media":3025,"comment_status":"open","ping_status":"open","sticky":false,"template":"","format":"standard","meta":{"footnotes":""},"categories":[10,5],"tags":[67,440,441],"class_list":["post-26181","post","type-post","status-publish","format-standard","has-post-thumbnail","hentry","category-alle-beitraege","category-einsaetze","tag-bma","tag-dienstbetrieb-2022","tag-stadtmitte-1-2022"],"_links":{"self":[{"href":"https:\/\/www.feuerwehr-ibbenbueren.de\/index.php?rest_route=\/wp\/v2\/posts\/26181","targetHints":{"allow":["GET"]}}],"collection":[{"href":"https:\/\/www.feuerwehr-ibbenbueren.de\/index.php?rest_route=\/wp\/v2\/posts"}],"about":[{"href":"https:\/\/www.feuerwehr-ibbenbueren.de\/index.php?rest_route=\/wp\/v2\/types\/post"}],"author":[{"embeddable":true,"href":"https:\/\/www.feuerwehr-ibbenbueren.de\/index.php?rest_route=\/wp\/v2\/users\/3"}],"replies":[{"embeddable":true,"href":"https:\/\/www.feuerwehr-ibbenbueren.de\/index.php?rest_route=%2Fwp%2Fv2%2Fcomments&post=26181"}],"version-history":[{"count":4,"href":"https:\/\/www.feuerwehr-ibbenbueren.de\/index.php?rest_route=\/wp\/v2\/posts\/26181\/revisions"}],"predecessor-version":[{"id":26189,"href":"https:\/\/www.feuerwehr-ibbenbueren.de\/index.php?rest_route=\/wp\/v2\/posts\/26181\/revisions\/26189"}],"wp:featuredmedia":[{"embeddable":true,"href":"https:\/\/www.feuerwehr-ibbenbueren.de\/index.php?rest_route=\/wp\/v2\/media\/3025"}],"wp:attachment":[{"href":"https:\/\/www.feuerwehr-ibbenbueren.de\/index.php?rest_route=%2Fwp%2Fv2%2Fmedia&parent=26181"}],"wp:term":[{"taxonomy":"category","embeddable":true,"href":"https:\/\/www.feuerwehr-ibbenbueren.de\/index.php?rest_route=%2Fwp%2Fv2%2Fcategories&post=26181"},{"taxonomy":"post_tag","embeddable":true,"href":"https:\/\/www.feuerwehr-ibbenbueren.de\/index.php?rest_route=%2Fwp%2Fv2%2Ftags&post=26181"}],"curies":[{"name":"wp","href":"https:\/\/api.w.org\/{rel}","templated":true}]}}