{"id":26495,"date":"2022-02-04T17:29:59","date_gmt":"2022-02-04T16:29:59","guid":{"rendered":"https:\/\/www.feuerwehr-ibbenbueren.de\/?p=26495"},"modified":"2022-02-14T14:33:57","modified_gmt":"2022-02-14T13:33:57","slug":"th-klein-2-copy-copy-copy-copy-copy-copy-2-copy-copy-3-copy-copy-2-copy-copy-copy-copy-copy-2-copy-copy-copy-2-copy-copy-copy-copy-2-copy-2-copy-2-copy-copy-copy-copy-2-copy-copy-2-copy-2-copy-copy-42","status":"publish","type":"post","link":"https:\/\/www.feuerwehr-ibbenbueren.de\/?p=26495","title":{"rendered":"Person hinter verschlossener T\u00fcr"},"content":{"rendered":"<p><strong>Einsatzbericht:<\/strong> Der Dienstbetrieb wurde mit dem Stichwort &#8222;Person hinter verschlossener T\u00fcr&#8220; alarmiert.<!--more--><\/p>\n<p>Es sollte eine T\u00fcr ge\u00f6ffnet werden. Vor Ort war die T\u00fcr aber bereits ge\u00f6ffnet, kein Einsatz f\u00fcr die Feuerwehr.<\/p>\n","protected":false},"excerpt":{"rendered":"<p>Einsatzbericht: Der Dienstbetrieb wurde mit dem Stichwort &#8222;Person hinter verschlossener T\u00fcr&#8220; alarmiert.<\/p>\n","protected":false},"author":8,"featured_media":3024,"comment_status":"open","ping_status":"open","sticky":false,"template":"","format":"standard","meta":{"footnotes":""},"categories":[10,5],"tags":[439,174],"class_list":["post-26495","post","type-post","status-publish","format-standard","has-post-thumbnail","hentry","category-alle-beitraege","category-einsaetze","tag-nur-dienstbetrieb-2022","tag-person-hinter-verschlossener-tuer"],"_links":{"self":[{"href":"https:\/\/www.feuerwehr-ibbenbueren.de\/index.php?rest_route=\/wp\/v2\/posts\/26495","targetHints":{"allow":["GET"]}}],"collection":[{"href":"https:\/\/www.feuerwehr-ibbenbueren.de\/index.php?rest_route=\/wp\/v2\/posts"}],"about":[{"href":"https:\/\/www.feuerwehr-ibbenbueren.de\/index.php?rest_route=\/wp\/v2\/types\/post"}],"author":[{"embeddable":true,"href":"https:\/\/www.feuerwehr-ibbenbueren.de\/index.php?rest_route=\/wp\/v2\/users\/8"}],"replies":[{"embeddable":true,"href":"https:\/\/www.feuerwehr-ibbenbueren.de\/index.php?rest_route=%2Fwp%2Fv2%2Fcomments&post=26495"}],"version-history":[{"count":3,"href":"https:\/\/www.feuerwehr-ibbenbueren.de\/index.php?rest_route=\/wp\/v2\/posts\/26495\/revisions"}],"predecessor-version":[{"id":26615,"href":"https:\/\/www.feuerwehr-ibbenbueren.de\/index.php?rest_route=\/wp\/v2\/posts\/26495\/revisions\/26615"}],"wp:featuredmedia":[{"embeddable":true,"href":"https:\/\/www.feuerwehr-ibbenbueren.de\/index.php?rest_route=\/wp\/v2\/media\/3024"}],"wp:attachment":[{"href":"https:\/\/www.feuerwehr-ibbenbueren.de\/index.php?rest_route=%2Fwp%2Fv2%2Fmedia&parent=26495"}],"wp:term":[{"taxonomy":"category","embeddable":true,"href":"https:\/\/www.feuerwehr-ibbenbueren.de\/index.php?rest_route=%2Fwp%2Fv2%2Fcategories&post=26495"},{"taxonomy":"post_tag","embeddable":true,"href":"https:\/\/www.feuerwehr-ibbenbueren.de\/index.php?rest_route=%2Fwp%2Fv2%2Ftags&post=26495"}],"curies":[{"name":"wp","href":"https:\/\/api.w.org\/{rel}","templated":true}]}}