{"id":26541,"date":"2022-02-11T07:00:33","date_gmt":"2022-02-11T06:00:33","guid":{"rendered":"https:\/\/www.feuerwehr-ibbenbueren.de\/?p=26541"},"modified":"2022-03-05T13:51:33","modified_gmt":"2022-03-05T12:51:33","slug":"ferienfreizeit-doerenthe2015-2-2-2-2-2-3-2-2-4-copy-copy-3-copy-2-copy-copy-copy-copy-copy-2","status":"publish","type":"post","link":"https:\/\/www.feuerwehr-ibbenbueren.de\/?p=26541","title":{"rendered":"Marko Lammerskitten ist neuer Leiter der Feuerwehr Ibbenb\u00fcren"},"content":{"rendered":"<h3>Marc Sch\u00fcttken ist neuer Stellvertreter \/ B\u00fcrgermeister Dr. Marc Schrameyer: \u201eIch freue mich auf die Zusammenarbeit\u201c<\/h3>\n<p><!--more--><\/p>\n<p><strong>Ibbenb\u00fcren, 10. Februar 2022.<\/strong>\u00a0 Marko Lammerskitten ist am Donnerstagabend vom Rat der Stadt Ibbenb\u00fcren auf Vorschlag des Kreisbrandmeisters und nach Anh\u00f6rung der Freiwilligen Feuerwehr durch den B\u00fcrgermeister zum neuen Leiter der Feuerwehr Ibbenb\u00fcren bestellt worden. Zum Stellvertreter Lammerskittens \u2013 neben dem im vergangenen Jahr gew\u00e4hlten Stefan Steinigeweg \u2013 ist Marc Sch\u00fcttken bestellt worden. Beide Personalien fanden im Rat der Stadt Ibbenb\u00fcren ein einstimmiges Votum und gelten jeweils f\u00fcr die Dauer von sechs Jahren.<\/p>\n<p>Marko Lammerskitten (50) war bis dato Stellvertreter des amtierenden Leiters der Feuerwehr, Karl-Heinz Rolf, der Ende April aus dem Amt scheidet. Lammerskitten war bereits im vergangenen Jahr zum neuen st\u00e4dtischen Fachdienstleiter Feuerwehr und Rettungsdienst bestellt worden, wo er ebenfalls Karl-Heinz Rolf nachfolgt. Marc Sch\u00fcttken (46) war zuletzt stellvertretender Zugf\u00fchrer im L\u00f6schzug Stadtmitte 2.<\/p>\n<p>B\u00fcrgermeister Dr. Marc Schrameyer gratulierte Lammerskitten und Sch\u00fcttken am Donnerstagabend zu ihrer Wahl. \u201eIch freue mich sehr auf die Zusammenarbeit mit Ihnen<\/p>\n<p><a href=\"https:\/\/www.ibbenbueren.de\/\" target=\"_blank\" rel=\"noopener\">Quelle: Stadt Ibbenb\u00fcren (Foto: Stadt Ibbenb\u00fcren \/ Henning Meyer-Veer)<\/a><\/p>\n\n\t\t<div id='gallery-1' class='gallery galleryid-26541 gallery-columns-4 gallery-size-thumbnail gallery1'><script type=\"text\/javascript\">\r\n\/\/ <![CDATA[\r\n\tjQuery(document).ready(function () {\r\n\t\tjQuery(\".gallery1 a\").attr(\"rel\",\"gallery1\");\t\r\n\t\tjQuery('a[rel=\"gallery1\"]').colorbox({maxWidth:\"95%\", maxHeight:\"95%\",title: function(){ return jQuery(this).children().attr(\"alt\"); }, });\r\n\t});\r\n\/\/ ]]>\r\n<\/script>\n<dl class=\"gallery-item\">\n<dt class=\"gallery-icon\">\r\n<a href=\"https:\/\/www.feuerwehr-ibbenbueren.de\/wp-content\/uploads\/2022\/02\/bestellung_lammerskitten_schuettken_20220210.jpg\" title=\"Marko Lammerskitten (re.), Marc Sch\u00fcttken (li.)\" rel=\"gallery1\"><img loading=\"lazy\" decoding=\"async\" src=\"https:\/\/www.feuerwehr-ibbenbueren.de\/wp-content\/uploads\/2022\/02\/bestellung_lammerskitten_schuettken_20220210-150x150.jpg\" width=\"150\" height=\"150\" alt=\"Marko Lammerskitten (re.), Marc Sch\u00fcttken (li.)\" \/><\/a>\r\n<\/dt><dd class=\"gallery-caption\" id=\"caption26544\"><span class=\"imagecaption\">Marko Lammerskitten (re.), Marc Sch\u00fcttken (li.)<\/span><br \/>\n<\/dd><\/dl>\r\n\t\t\t<br style='clear: both' \/>\r\n\t\t<\/div>\n\n<p>&nbsp;<\/p>\n<p>&nbsp;<\/p>\n","protected":false},"excerpt":{"rendered":"<p>Marc Sch\u00fcttken ist neuer Stellvertreter \/ B\u00fcrgermeister Dr. Marc Schrameyer: \u201eIch freue mich auf die Zusammenarbeit\u201c<\/p>\n","protected":false},"author":2,"featured_media":26544,"comment_status":"closed","ping_status":"closed","sticky":false,"template":"","format":"standard","meta":{"footnotes":""},"categories":[10,8,452],"tags":[119],"class_list":["post-26541","post","type-post","status-publish","format-standard","has-post-thumbnail","hentry","category-alle-beitraege","category-information","category-pressemitteilungen-stadt-ibbenbueren","tag-information"],"_links":{"self":[{"href":"https:\/\/www.feuerwehr-ibbenbueren.de\/index.php?rest_route=\/wp\/v2\/posts\/26541","targetHints":{"allow":["GET"]}}],"collection":[{"href":"https:\/\/www.feuerwehr-ibbenbueren.de\/index.php?rest_route=\/wp\/v2\/posts"}],"about":[{"href":"https:\/\/www.feuerwehr-ibbenbueren.de\/index.php?rest_route=\/wp\/v2\/types\/post"}],"author":[{"embeddable":true,"href":"https:\/\/www.feuerwehr-ibbenbueren.de\/index.php?rest_route=\/wp\/v2\/users\/2"}],"replies":[{"embeddable":true,"href":"https:\/\/www.feuerwehr-ibbenbueren.de\/index.php?rest_route=%2Fwp%2Fv2%2Fcomments&post=26541"}],"version-history":[{"count":7,"href":"https:\/\/www.feuerwehr-ibbenbueren.de\/index.php?rest_route=\/wp\/v2\/posts\/26541\/revisions"}],"predecessor-version":[{"id":26997,"href":"https:\/\/www.feuerwehr-ibbenbueren.de\/index.php?rest_route=\/wp\/v2\/posts\/26541\/revisions\/26997"}],"wp:featuredmedia":[{"embeddable":true,"href":"https:\/\/www.feuerwehr-ibbenbueren.de\/index.php?rest_route=\/wp\/v2\/media\/26544"}],"wp:attachment":[{"href":"https:\/\/www.feuerwehr-ibbenbueren.de\/index.php?rest_route=%2Fwp%2Fv2%2Fmedia&parent=26541"}],"wp:term":[{"taxonomy":"category","embeddable":true,"href":"https:\/\/www.feuerwehr-ibbenbueren.de\/index.php?rest_route=%2Fwp%2Fv2%2Fcategories&post=26541"},{"taxonomy":"post_tag","embeddable":true,"href":"https:\/\/www.feuerwehr-ibbenbueren.de\/index.php?rest_route=%2Fwp%2Fv2%2Ftags&post=26541"}],"curies":[{"name":"wp","href":"https:\/\/api.w.org\/{rel}","templated":true}]}}