{"id":26687,"date":"2022-02-17T09:27:33","date_gmt":"2022-02-17T08:27:33","guid":{"rendered":"https:\/\/www.feuerwehr-ibbenbueren.de\/?p=26687"},"modified":"2022-02-17T16:40:25","modified_gmt":"2022-02-17T15:40:25","slug":"th-klein-2-copy-copy-copy-copy-copy-copy-copy-copy-2-copy-4-copy-copy-copy-copy-2-copy-copy-3-copy-copy-copy-copy-copy-copy-copy-copy-copy-copy-copy-2-copy-copy-2-copy-copy-copy-copy-copy-copy-copy-6","status":"publish","type":"post","link":"https:\/\/www.feuerwehr-ibbenbueren.de\/?p=26687","title":{"rendered":"Fl\u00e4chenbrand &#8211; unklare Rauchentwicklung"},"content":{"rendered":"<p><strong>Einsatzbericht:<\/strong> Die Feuerwehr wurde w\u00e4hrend der laufenden Unwetterlage aufgrund einer unklaren Rauchentwicklung alarmiert.<!--more--><\/p>\n<p>Die Kontrolle im angegebenen Bereich ergab, dass es sich dort ein zwar angemeldetes Nutzfeuer handelte, welches aber nach R\u00fccksprache mit dem Betreiber aufgrund der Gr\u00f6\u00dfe des Feuers und der Rauchentwicklung bei der derzeitigen Wetterlage nicht weiter betrieben wurde.<\/p>\n<p>Keine weiteren Ma\u00dfnahmen.<\/p>\n","protected":false},"excerpt":{"rendered":"<p>Einsatzbericht: Die Feuerwehr wurde w\u00e4hrend der laufenden Unwetterlage aufgrund einer unklaren Rauchentwicklung alarmiert.<\/p>\n","protected":false},"author":2,"featured_media":1831,"comment_status":"open","ping_status":"open","sticky":false,"template":"","format":"standard","meta":{"footnotes":""},"categories":[10,5],"tags":[71,441,442],"class_list":["post-26687","post","type-post","status-publish","format-standard","has-post-thumbnail","hentry","category-alle-beitraege","category-einsaetze","tag-feuer","tag-stadtmitte-1-2022","tag-stadtmitte-2-2022"],"_links":{"self":[{"href":"https:\/\/www.feuerwehr-ibbenbueren.de\/index.php?rest_route=\/wp\/v2\/posts\/26687","targetHints":{"allow":["GET"]}}],"collection":[{"href":"https:\/\/www.feuerwehr-ibbenbueren.de\/index.php?rest_route=\/wp\/v2\/posts"}],"about":[{"href":"https:\/\/www.feuerwehr-ibbenbueren.de\/index.php?rest_route=\/wp\/v2\/types\/post"}],"author":[{"embeddable":true,"href":"https:\/\/www.feuerwehr-ibbenbueren.de\/index.php?rest_route=\/wp\/v2\/users\/2"}],"replies":[{"embeddable":true,"href":"https:\/\/www.feuerwehr-ibbenbueren.de\/index.php?rest_route=%2Fwp%2Fv2%2Fcomments&post=26687"}],"version-history":[{"count":1,"href":"https:\/\/www.feuerwehr-ibbenbueren.de\/index.php?rest_route=\/wp\/v2\/posts\/26687\/revisions"}],"predecessor-version":[{"id":26688,"href":"https:\/\/www.feuerwehr-ibbenbueren.de\/index.php?rest_route=\/wp\/v2\/posts\/26687\/revisions\/26688"}],"wp:featuredmedia":[{"embeddable":true,"href":"https:\/\/www.feuerwehr-ibbenbueren.de\/index.php?rest_route=\/wp\/v2\/media\/1831"}],"wp:attachment":[{"href":"https:\/\/www.feuerwehr-ibbenbueren.de\/index.php?rest_route=%2Fwp%2Fv2%2Fmedia&parent=26687"}],"wp:term":[{"taxonomy":"category","embeddable":true,"href":"https:\/\/www.feuerwehr-ibbenbueren.de\/index.php?rest_route=%2Fwp%2Fv2%2Fcategories&post=26687"},{"taxonomy":"post_tag","embeddable":true,"href":"https:\/\/www.feuerwehr-ibbenbueren.de\/index.php?rest_route=%2Fwp%2Fv2%2Ftags&post=26687"}],"curies":[{"name":"wp","href":"https:\/\/api.w.org\/{rel}","templated":true}]}}