{"id":26697,"date":"2022-02-16T23:50:14","date_gmt":"2022-02-16T22:50:14","guid":{"rendered":"https:\/\/www.feuerwehr-ibbenbueren.de\/?p=26697"},"modified":"2022-02-17T17:02:32","modified_gmt":"2022-02-17T16:02:32","slug":"betriebsstoffe-aufnehmen-2-2-2-2-4-2-2-2-2-2-2-4-2-2-5-2-2-4-3-2-2-2-2-2-2-2-2-2-3-copy-2-copy-3-copy-3-copy-2-copy-copy-2-copy-2-copy-3-copy-2-copy-2-copy-copy-3-copy-copy-copy-copy-copy-copy-copy-49","status":"publish","type":"post","link":"https:\/\/www.feuerwehr-ibbenbueren.de\/?p=26697","title":{"rendered":"Baum Stra\u00dfe, Rheiner Stra\u00dfe"},"content":{"rendered":"<p><strong>Einsatzbericht: <\/strong>Der Dienstbetrieb wurde mit dem Stichwort &#8222;Baum Stra\u00dfe&#8220; alarmiert. <!--more--><\/p>\n<p>Einige \u00c4ste, die auf der Fahrbahn lagen, wurden von der Stra\u00dfe ger\u00e4umt.<\/p>\n","protected":false},"excerpt":{"rendered":"<p>Einsatzbericht: Der Dienstbetrieb wurde mit dem Stichwort &#8222;Baum Stra\u00dfe&#8220; alarmiert.<\/p>\n","protected":false},"author":2,"featured_media":1829,"comment_status":"open","ping_status":"open","sticky":false,"template":"","format":"standard","meta":{"footnotes":""},"categories":[10,5],"tags":[326,439,73],"class_list":["post-26697","post","type-post","status-publish","format-standard","has-post-thumbnail","hentry","category-alle-beitraege","category-einsaetze","tag-baum-auf-strasse","tag-nur-dienstbetrieb-2022","tag-th"],"_links":{"self":[{"href":"https:\/\/www.feuerwehr-ibbenbueren.de\/index.php?rest_route=\/wp\/v2\/posts\/26697","targetHints":{"allow":["GET"]}}],"collection":[{"href":"https:\/\/www.feuerwehr-ibbenbueren.de\/index.php?rest_route=\/wp\/v2\/posts"}],"about":[{"href":"https:\/\/www.feuerwehr-ibbenbueren.de\/index.php?rest_route=\/wp\/v2\/types\/post"}],"author":[{"embeddable":true,"href":"https:\/\/www.feuerwehr-ibbenbueren.de\/index.php?rest_route=\/wp\/v2\/users\/2"}],"replies":[{"embeddable":true,"href":"https:\/\/www.feuerwehr-ibbenbueren.de\/index.php?rest_route=%2Fwp%2Fv2%2Fcomments&post=26697"}],"version-history":[{"count":1,"href":"https:\/\/www.feuerwehr-ibbenbueren.de\/index.php?rest_route=\/wp\/v2\/posts\/26697\/revisions"}],"predecessor-version":[{"id":26698,"href":"https:\/\/www.feuerwehr-ibbenbueren.de\/index.php?rest_route=\/wp\/v2\/posts\/26697\/revisions\/26698"}],"wp:featuredmedia":[{"embeddable":true,"href":"https:\/\/www.feuerwehr-ibbenbueren.de\/index.php?rest_route=\/wp\/v2\/media\/1829"}],"wp:attachment":[{"href":"https:\/\/www.feuerwehr-ibbenbueren.de\/index.php?rest_route=%2Fwp%2Fv2%2Fmedia&parent=26697"}],"wp:term":[{"taxonomy":"category","embeddable":true,"href":"https:\/\/www.feuerwehr-ibbenbueren.de\/index.php?rest_route=%2Fwp%2Fv2%2Fcategories&post=26697"},{"taxonomy":"post_tag","embeddable":true,"href":"https:\/\/www.feuerwehr-ibbenbueren.de\/index.php?rest_route=%2Fwp%2Fv2%2Ftags&post=26697"}],"curies":[{"name":"wp","href":"https:\/\/api.w.org\/{rel}","templated":true}]}}