{"id":26978,"date":"2022-03-03T18:09:25","date_gmt":"2022-03-03T17:09:25","guid":{"rendered":"https:\/\/www.feuerwehr-ibbenbueren.de\/?p=26978"},"modified":"2022-03-05T14:27:37","modified_gmt":"2022-03-05T13:27:37","slug":"betriebsstoffe-aufnehmen-2-2-2-2-4-2-2-2-2-2-2-4-2-2-5-2-2-4-3-2-2-2-2-2-2-2-2-2-3-copy-2-copy-3-copy-2-copy-copy-copy-copy-2-copy-copy-copy-copy-copy-2-copy-copy-copy-copy-copy-copy-copy-3","status":"publish","type":"post","link":"https:\/\/www.feuerwehr-ibbenbueren.de\/?p=26978","title":{"rendered":"Zimmerbrand am Winterh\u00fcgel"},"content":{"rendered":"<p><strong>Einsatzbericht: <\/strong>Der Dienstbetrieb und der L\u00f6schzug Stadtmitte 1 wurden am Donnerstagabend zu einem Zimmerbrand am Winterh\u00fcgel alarmiert.<!--more--><\/p>\n<p>Die ersteintreffenden Einsatzkr\u00e4fte kontrollierten den verrauchten Bereich in einer Kellerwohnung, unter umluftunabh\u00e4ngigem Atemschutz. Es wurde kein offenes Feuer vorgefunden. Der betroffene Bereich wurde mit einer W\u00e4rmebildkamera kontrolliert. Es wurden Bel\u00fcftungsma\u00dfnahmen eingeleitet.<\/p>\n<p>Die Einsatzstelle wurde dem Bewohner und der anwesenden Polizei \u00fcbergeben.<\/p>\n","protected":false},"excerpt":{"rendered":"<p>Einsatzbericht: Der Dienstbetrieb und der L\u00f6schzug Stadtmitte 1 wurden am Donnerstagabend zu einem Zimmerbrand am Winterh\u00fcgel alarmiert.<\/p>\n","protected":false},"author":3,"featured_media":3023,"comment_status":"open","ping_status":"open","sticky":false,"template":"","format":"standard","meta":{"footnotes":""},"categories":[10,5],"tags":[440,441,152],"class_list":["post-26978","post","type-post","status-publish","format-standard","has-post-thumbnail","hentry","category-alle-beitraege","category-einsaetze","tag-dienstbetrieb-2022","tag-stadtmitte-1-2022","tag-zimmerbrand"],"_links":{"self":[{"href":"https:\/\/www.feuerwehr-ibbenbueren.de\/index.php?rest_route=\/wp\/v2\/posts\/26978","targetHints":{"allow":["GET"]}}],"collection":[{"href":"https:\/\/www.feuerwehr-ibbenbueren.de\/index.php?rest_route=\/wp\/v2\/posts"}],"about":[{"href":"https:\/\/www.feuerwehr-ibbenbueren.de\/index.php?rest_route=\/wp\/v2\/types\/post"}],"author":[{"embeddable":true,"href":"https:\/\/www.feuerwehr-ibbenbueren.de\/index.php?rest_route=\/wp\/v2\/users\/3"}],"replies":[{"embeddable":true,"href":"https:\/\/www.feuerwehr-ibbenbueren.de\/index.php?rest_route=%2Fwp%2Fv2%2Fcomments&post=26978"}],"version-history":[{"count":4,"href":"https:\/\/www.feuerwehr-ibbenbueren.de\/index.php?rest_route=\/wp\/v2\/posts\/26978\/revisions"}],"predecessor-version":[{"id":27002,"href":"https:\/\/www.feuerwehr-ibbenbueren.de\/index.php?rest_route=\/wp\/v2\/posts\/26978\/revisions\/27002"}],"wp:featuredmedia":[{"embeddable":true,"href":"https:\/\/www.feuerwehr-ibbenbueren.de\/index.php?rest_route=\/wp\/v2\/media\/3023"}],"wp:attachment":[{"href":"https:\/\/www.feuerwehr-ibbenbueren.de\/index.php?rest_route=%2Fwp%2Fv2%2Fmedia&parent=26978"}],"wp:term":[{"taxonomy":"category","embeddable":true,"href":"https:\/\/www.feuerwehr-ibbenbueren.de\/index.php?rest_route=%2Fwp%2Fv2%2Fcategories&post=26978"},{"taxonomy":"post_tag","embeddable":true,"href":"https:\/\/www.feuerwehr-ibbenbueren.de\/index.php?rest_route=%2Fwp%2Fv2%2Ftags&post=26978"}],"curies":[{"name":"wp","href":"https:\/\/api.w.org\/{rel}","templated":true}]}}