{"id":27457,"date":"2022-05-03T11:00:18","date_gmt":"2022-05-03T09:00:18","guid":{"rendered":"https:\/\/www.feuerwehr-ibbenbueren.de\/?p=27457"},"modified":"2025-03-10T17:50:59","modified_gmt":"2025-03-10T16:50:59","slug":"ferienfreizeit-doerenthe2015-2-2-2-2-2-3-2-2-4-copy-copy-3-copy-2-copy-copy-copy-copy-copy-2-copy-copy-copy-copy-copy-copy-copy","status":"publish","type":"post","link":"https:\/\/www.feuerwehr-ibbenbueren.de\/?p=27457","title":{"rendered":"B\u00fcrgermeister: \u201eMan l\u00e4sst Sie nicht gerne gehen!\u201c"},"content":{"rendered":"<h4>Feuerwehrleiter Karl-Heinz Rolf in den Ruhestand verabschiedet \/ Ernennungsurkunden f\u00fcr Marko Lammerskitten und Marc Sch\u00fcttken<\/h4>\n<p><!--more--><\/p>\n<p><strong>Ibbenb\u00fcren, 3. Mai 2022.<\/strong>\u00a0Gro\u00dfer Bahnhof f\u00fcr Karl-Heinz Rolf: Der 60-J\u00e4hrige wurde am Freitagabend in der Fahrzeughalle der Feuer- und Rettungswache Ibbenb\u00fcren als Leiter des st\u00e4dtischen Fachdienstes Feuerwehr und Rettungsdienst sowie als Leiter der Freiwilligen Feuerwehr in den Ruhestand verabschiedet. Gleichzeitig erhielt am Freitag Marko Lammerskitten als neuer Fachdienstleiter und Leiter der Feuerwehr seine Ernennungsurkunde von B\u00fcrgermeister Dr. Marc Schrameyer. Ebenso Marc Sch\u00fcttken als neuer stellvertretender Leiter der Feuerwehr.<\/p>\n<p>Der B\u00fcrgermeister w\u00fcrdigte Karl-Heinz Rolf als einen Menschen, der Feuerwehr mit Leib und Seele gelebt habe. Er habe sich den Respekt und die Anerkennung der gesamten Mannschaft \u00fcber Jahrzehnte erarbeitet. \u201eSein Wort hat Gewicht\u201c, so der B\u00fcrgermeister w\u00f6rtlich. Rolf habe sich fr\u00fch f\u00fcr die Feuerwehr entschieden, blickte der Verwaltungschef auf die Karriere des scheidenden Leiters der Feuerwehr. Seit 1986 arbeitete er f\u00fcr die Feuerwehr Ibbenb\u00fcren, seit 2012 war er Fachdienstleiter und Leiter der Feuerwehr.<\/p>\n<p>B\u00fcrgermeister Dr. Schrameyer hob vor allem Rolfs intensiven Einsatz auf allen Ebenen hervor, mit dem er zur stetigen Verbesserung der rettungsdienstlichen Situation in der Stadt beigetragen habe, und sein gro\u00dfes berufliches Engagement. \u201eSie haben die Feuerwehr Ibbenb\u00fcren professionell weiterentwickelt\u201c, so der B\u00fcrgermeister w\u00f6rtlich. Nicht nur konzeptionell, sondern auch in Sachen Personal und Ausbildung. Vor allem zeige aber die Sicherstellung der Einsatzf\u00e4higkeit w\u00e4hrend der Corona-Pandemie, mit welchem Engagement Rolf seinen Dienst versehe. \u201eDaf\u00fcr meinen und unseren allerherzlichsten Dank. Man l\u00e4sst Sie nicht gerne gehen. Ich w\u00fcnsche Ihnen von Herzen alles erdenklich Gute.\u201c<\/p>\n<p>Karl-Heinz Rolf habe schon im vergangenen Jahr in den Ruhestand gehen k\u00f6nnen, berichtete der B\u00fcrgermeister. Dass er aber ein Jahr l\u00e4nger im Dienst geblieben sei, um seinem Nachfolger die Teilnahme am Laufbahnlehrgang f\u00fcr den h\u00f6heren feuerwehrtechnischen Dienst zu erm\u00f6glichen, sei Ausdruck der Kameradschaft und des Zusammenhaltes bei der Feuerwehr.<\/p>\n<p>Karl-Heinz Rolf bedankte sich auch f\u00fcr die Zusammenarbeit auf den unterschiedlichsten Ebenen, besonders bei B\u00fcrgermeister und Verwaltung. \u201eEs hat Spa\u00df gemacht. Bleibt alle gesund.\u201c Er bedankte sich ganz besonders bei seiner Frau Kornelia f\u00fcr die Unterst\u00fctzung in all den Dienstjahren. Auch seinem Nachfolger w\u00fcnschte er alles Gute. \u201eIm Trio werden die drei gute Arbeit leisten\u201c, so Rolf.<\/p>\n<p>Marko Lammerskitten bekam von B\u00fcrgermeister Dr. Marc Schrameyer anschlie\u00dfend seine Ernennungsurkunde \u00fcberreicht. \u201eWir wissen, dass die Feuerwehr in guten H\u00e4nden bleibt. Marko Lammerskitten, wei\u00df, worauf es ankommt\u201c, so der B\u00fcrgermeister. Gleiches gelte f\u00fcr Marc Sch\u00fcttken, der seit Kindesbeinen mit dabei sei. \u201eEr hat sich besonders um die F\u00f6rderung des Nachwuchses verdient gemacht.\u201c<\/p>\n<p>Marko Lammerskitten bedankte sich f\u00fcr das ihm entgegen gebrachte Vertrauen, besonders bei seinem Vorg\u00e4nger Karl-Heinz Rolf f\u00fcr die Unterst\u00fctzung bei der Vorbereitung auf die neue Aufgabe. \u201eDu \u00fcbergibst mir eine gut funktionierende Feuerwehr mit einer Super-Mannschaft.\u201c Die Leitung der Feuerwehr sei eine gro\u00dfe Herausforderung und Aufgabe. \u201eIch werde alles daransetzen, die Feuerwehr in diesem Sinne weiterzuf\u00fchren.\u201c Gute Ausbildung und modernes Ger\u00e4t seien dabei die Schwerpunkte der Zukunft. \u201eF\u00fchrung in der Feuerwehr ist keine One-Man-Show, das kann nur im Team funktionieren\u201c, so Lammerskitten.<\/p>\n<p>Eine besondere Auszeichnung gab es f\u00fcr Karl-Heinz Rolf auch noch. Vom stellvertretenden Bezirksbrandmeister, Donald Niehues, und von Manfred Kleine Niesse vom Verband der Feuerwehren im Kreis Steinfurt bekam er das deutsche Feuerwehr-Ehrenkreuz in Silber \u00fcberreicht.<\/p>\n<p><a href=\"https:\/\/www.ibbenbueren.de\/\" target=\"_blank\" rel=\"noopener\">(Quelle: Stadt Ibbenb\u00fcren)<\/a><\/p>\n<p><a href=\"https:\/\/www2.ivz-aktuell.de\/articles\/178998\/ibbenbueren\/gesellschaft-soziales\/ein-abschied-mit-vielen-emotionen?sort=1&amp;take=30&amp;skip=60\" target=\"_blank\" rel=\"noopener\">Link zum Bericht der IVZ Aktuell<\/a> (nur f\u00fcr Abonnenten)<\/p>\n\n\t\t<div id='gallery-1' class='gallery galleryid-27457 gallery-columns-1 gallery-size-medium gallery1'><script type=\"text\/javascript\">\r\n\/\/ <![CDATA[\r\n\tjQuery(document).ready(function () {\r\n\t\tjQuery(\".gallery1 a\").attr(\"rel\",\"gallery1\");\t\r\n\t\tjQuery('a[rel=\"gallery1\"]').colorbox({maxWidth:\"95%\", maxHeight:\"95%\",title: function(){ return jQuery(this).children().attr(\"alt\"); }, });\r\n\t});\r\n\/\/ ]]>\r\n<\/script>\n<dl class=\"gallery-item\">\n<dt class=\"gallery-icon\">\r\n<a href=\"https:\/\/www.feuerwehr-ibbenbueren.de\/wp-content\/uploads\/2022\/04\/stadt_ibbenbueren_20220429_01-e1651348370259.jpg\" title=\"\" rel=\"gallery1\"><img loading=\"lazy\" decoding=\"async\" src=\"https:\/\/www.feuerwehr-ibbenbueren.de\/wp-content\/uploads\/2022\/04\/stadt_ibbenbueren_20220429_01-e1651348370259-300x127.jpg\" width=\"300\" height=\"127\" alt=\"\" \/><\/a>\r\n<\/dt><\/dl><br style=\"clear: both\" \/><dl class=\"gallery-item\">\n<dt class=\"gallery-icon\">\r\n<a href=\"https:\/\/www.feuerwehr-ibbenbueren.de\/wp-content\/uploads\/2022\/04\/stadt_ibbenbueren_20220429_02-e1651348935179.jpg\" title=\"\" rel=\"gallery1\"><img loading=\"lazy\" decoding=\"async\" src=\"https:\/\/www.feuerwehr-ibbenbueren.de\/wp-content\/uploads\/2022\/04\/stadt_ibbenbueren_20220429_02-e1651348935179-300x135.jpg\" width=\"300\" height=\"135\" alt=\"\" \/><\/a>\r\n<\/dt><\/dl><br style=\"clear: both\" \/>\r\n\t\t<\/div>\n\n<p>&nbsp;<\/p>\n<p>&nbsp;<\/p>\n","protected":false},"excerpt":{"rendered":"<p>Feuerwehrleiter Karl-Heinz Rolf in den Ruhestand verabschiedet \/ Ernennungsurkunden f\u00fcr Marko Lammerskitten und Marc Sch\u00fcttken<\/p>\n","protected":false},"author":3,"featured_media":27443,"comment_status":"closed","ping_status":"closed","sticky":false,"template":"","format":"standard","meta":{"footnotes":""},"categories":[10,8,452,6],"tags":[119,445,454],"class_list":["post-27457","post","type-post","status-publish","format-standard","has-post-thumbnail","hentry","category-alle-beitraege","category-information","category-pressemitteilungen-stadt-ibbenbueren","category-veranstaltungen","tag-information","tag-stadt-ibbenbueren","tag-verabschiedung"],"_links":{"self":[{"href":"https:\/\/www.feuerwehr-ibbenbueren.de\/index.php?rest_route=\/wp\/v2\/posts\/27457","targetHints":{"allow":["GET"]}}],"collection":[{"href":"https:\/\/www.feuerwehr-ibbenbueren.de\/index.php?rest_route=\/wp\/v2\/posts"}],"about":[{"href":"https:\/\/www.feuerwehr-ibbenbueren.de\/index.php?rest_route=\/wp\/v2\/types\/post"}],"author":[{"embeddable":true,"href":"https:\/\/www.feuerwehr-ibbenbueren.de\/index.php?rest_route=\/wp\/v2\/users\/3"}],"replies":[{"embeddable":true,"href":"https:\/\/www.feuerwehr-ibbenbueren.de\/index.php?rest_route=%2Fwp%2Fv2%2Fcomments&post=27457"}],"version-history":[{"count":5,"href":"https:\/\/www.feuerwehr-ibbenbueren.de\/index.php?rest_route=\/wp\/v2\/posts\/27457\/revisions"}],"predecessor-version":[{"id":27462,"href":"https:\/\/www.feuerwehr-ibbenbueren.de\/index.php?rest_route=\/wp\/v2\/posts\/27457\/revisions\/27462"}],"wp:featuredmedia":[{"embeddable":true,"href":"https:\/\/www.feuerwehr-ibbenbueren.de\/index.php?rest_route=\/wp\/v2\/media\/27443"}],"wp:attachment":[{"href":"https:\/\/www.feuerwehr-ibbenbueren.de\/index.php?rest_route=%2Fwp%2Fv2%2Fmedia&parent=27457"}],"wp:term":[{"taxonomy":"category","embeddable":true,"href":"https:\/\/www.feuerwehr-ibbenbueren.de\/index.php?rest_route=%2Fwp%2Fv2%2Fcategories&post=27457"},{"taxonomy":"post_tag","embeddable":true,"href":"https:\/\/www.feuerwehr-ibbenbueren.de\/index.php?rest_route=%2Fwp%2Fv2%2Ftags&post=27457"}],"curies":[{"name":"wp","href":"https:\/\/api.w.org\/{rel}","templated":true}]}}